{"id":3110,"date":"2026-07-06T13:00:00","date_gmt":"2026-07-06T11:00:00","guid":{"rendered":"https:\/\/www.unlockvenice.com\/?p=3110"},"modified":"2026-09-02T16:10:05","modified_gmt":"2026-09-02T14:10:05","slug":"san-francesco-della-vigna-castello","status":"publish","type":"post","link":"https:\/\/www.unlockvenice.com\/fr\/san-francesco-della-vigna-castello\/","title":{"rendered":"San Francesco della Vigna : vignes, proportions et silence au fond de Castello"},"content":{"rendered":"<p>San Francesco della Vigna est l\u2019une des \u00e9glises o\u00f9 Venise semble ralentir sans prendre la pose. Nous sommes au fond de Castello, loin des flux les plus pr\u00e9visibles, l\u00e0 o\u00f9 le nom conserve la m\u00e9moire concr\u00e8te d\u2019une vigne et o\u00f9 le campo devant la fa\u00e7ade laisse place au silence. Ici, l\u2019histoire n\u2019est pas seulement religieuse : elle passe par l\u2019organisation urbaine du quartier, par les choix architecturaux de Sansovino et de Palladio, par les proportions de la nef, par les chapelles de familles et de commanditaires qui ont laiss\u00e9 des traces mesur\u00e9es mais denses.<\/p>\n<h2>Pourquoi une vigne au fond de Castello<\/h2>\n<p>Le nom de San Francesco della Vigna n\u2019est pas un ornement po\u00e9tique : il indique r\u00e9ellement une vigne. Dans cette partie orientale de Castello, plus retir\u00e9e par rapport aux axes monumentaux de Rialto et de San Marco, il existait au Moyen \u00c2ge des terrains cultiv\u00e9s, des potagers et des espaces conventuels ouverts. La tradition lie le lieu \u00e0 une propri\u00e9t\u00e9 de la famille Ziani, donn\u00e9e aux fr\u00e8res mineurs au XIIIe si\u00e8cle ; la pr\u00e9sence de la culture de la vigne resta ainsi imprim\u00e9e dans le toponyme au point d\u2019accompagner l\u2019\u00e9glise m\u00eame lorsque l\u2019\u00e9difice prit des formes Renaissance.<\/p>\n<p>Comprendre cette origine aide \u00e0 lire l\u2019ensemble du complexe. San Francesco della Vigna na\u00eet dans une Venise moins sc\u00e9nographique et plus silencieuse, o\u00f9 la ville s\u2019effiloche vers la lagune et o\u00f9 les \u00e9tablissements religieux conservent cours, clo\u00eetres et jardins. La \u00ab vigne \u00bb raconte un \u00e9quilibre ancien : pri\u00e8re, travail de la terre, distance par rapport au centre politique et une id\u00e9e diff\u00e9rente de l\u2019espace urbain.<\/p>\n<h2>L\u2019\u00e9glise : mesure, ordre, harmonie<\/h2>\n<p>En entrant dans San Francesco della Vigna, le silence ne na\u00eet pas seulement de la retraite franciscaine : c\u2019est aussi un effet architectural. La reconstruction lanc\u00e9e au XVIe si\u00e8cle fut confi\u00e9e \u00e0 Jacopo Sansovino, qui con\u00e7ut un \u00e9difice limpide, avec une nef ample, des chapelles lat\u00e9rales ordonn\u00e9es et un rythme lisible. Ici, l\u2019espace ne cherche pas la surprise th\u00e9\u00e2trale, mais le contr\u00f4le : chaque trav\u00e9e accompagne le regard vers le presbyt\u00e8re d\u2019un pas r\u00e9gulier.<\/p>\n<p>Le fr\u00e8re Francesco Zorzi, humaniste v\u00e9nitien, appel\u00e9 \u00e0 r\u00e9fl\u00e9chir sur les proportions, joua un r\u00f4le important. L\u2019\u00e9glise fut pens\u00e9e selon des rapports num\u00e9riques capables de traduire en architecture une id\u00e9e d\u2019harmonie : largeurs, hauteurs et profondeurs ne sont pas fortuites, mais participent d\u2019une mesure presque musicale. C\u2019est pourquoi l\u2019int\u00e9rieur appara\u00eet s\u00e9v\u00e8re sans \u00eatre pauvre, monumental sans perdre son recueillement.<\/p>\n<p>La fa\u00e7ade, en revanche, porte la marque d\u2019Andrea Palladio. Son intervention r\u00e9sout un probl\u00e8me typique : donner une forme classique \u00e0 un \u00e9difice chr\u00e9tien avec une nef centrale plus haute et des corps lat\u00e9raux plus bas. Palladio superpose ordres et frontons, transformant la pierre claire en une grille d\u2019\u00e9quilibre. Au fond de Castello, cette fa\u00e7ade ne crie pas : elle mesure le vide devant elle.<\/p>\n<p><!-- AIEP_INLINE_IMAGE_SLOT:inline_1 --><\/p>\n<figure class=\"wp-block-image size-large aiep-inline-image\"><img decoding=\"async\" src=\"https:\/\/www.unlockvenice.com\/wp-content\/uploads\/2026\/06\/aiep-inline-460-inline_1.png\" alt=\"Illustration pour San Francesco della Vigna : vignes, proportions et silence au fond de Castello\" \/><\/figure>\n<h2>Chapelles, \u0153uvres et d\u00e9tails \u00e0 regarder calmement<\/h2>\n<p>Pour vraiment comprendre l\u2019int\u00e9rieur, il convient de quitter la nef et de s\u2019arr\u00eater sur les c\u00f4t\u00e9s. Les chapelles ne sont pas de simples appendices : elles racontent des familles, des d\u00e9votions et le go\u00fbt v\u00e9nitien \u00e0 une \u00e9chelle recueillie. Dans la chapelle Giustinian, l\u2019autel avec la grande <em>Madone \u00e0 l\u2019Enfant en tr\u00f4ne<\/em> de Fra Antonio da Negroponte m\u00e9rite du temps : regardez le fond dor\u00e9, la richesse v\u00e9g\u00e9tale, la mani\u00e8re dont la figure sacr\u00e9e semble presque affleurer d\u2019un jardin peint.<\/p>\n<p>D\u2019autres haltes aident \u00e0 lire le rapport entre art et architecture. Dans la chapelle Grimani, li\u00e9e \u00e0 une famille tr\u00e8s puissante, ce sont les marbres, les proportions, la qualit\u00e9 presque arch\u00e9ologique de l\u2019ensemble qui comptent : ce n\u2019est pas seulement une d\u00e9coration, mais un autoportrait social. Les toiles attribu\u00e9es au milieu v\u00e9nitien du XVIe si\u00e8cle doivent \u00eatre observ\u00e9es de pr\u00e8s, lorsque c\u2019est possible, en cherchant les mains, les visages, les \u00e9toffes, les gestes minimes.<\/p>\n<ul>\n<li><strong>Regarder les cadres :<\/strong> ils guident souvent l\u2019\u0153il plus que les images.<\/li>\n<li><strong>Observer les tombes :<\/strong> blasons et inscriptions fixent la pr\u00e9sence des commanditaires.<\/li>\n<li><strong>Suivre la lumi\u00e8re :<\/strong> elle change le poids des retables lat\u00e9raux et rend plus net le silence de l\u2019espace.<\/li>\n<\/ul>\n<p>Ici, l\u2019arriv\u00e9e compte presque autant que l\u2019entr\u00e9e. Apr\u00e8s les calli les plus \u00e9troites de Castello, le campo s\u2019ouvre sans \u00e9clat : peu d\u2019axes visuels, le puits, les fa\u00e7ades basses, le complexe conventuel qui ferme la sc\u00e8ne. C\u2019est un lieu \u00e0 rejoindre en ralentissant, peut-\u00eatre en arrivant de San Giovanni in Bragora ou de la via Garibaldi, afin de sentir le passage de la Venise la plus habit\u00e9e \u00e0 une zone plus recueillie.<\/p>\n<p>Pour l\u2019ins\u00e9rer dans un itin\u00e9raire, il convient de ne pas le traiter comme une d\u00e9viation rapide. Arr\u00eatez-vous d\u2019abord \u00e0 l\u2019ext\u00e9rieur : observez l\u2019ordre de la fa\u00e7ade palladienne, puis comparez-le avec la qui\u00e9tude du campo. En entrant, l\u2019exp\u00e9rience change d\u2019\u00e9chelle : le bruit reste dehors et les proportions deviennent le v\u00e9ritable rep\u00e8re.<\/p>\n<ul>\n<li><strong>Premi\u00e8re \u00e9tape :<\/strong> le campo, pour comprendre le vide urbain.<\/li>\n<li><strong>Deuxi\u00e8me \u00e9tape :<\/strong> la fa\u00e7ade, lue frontalement.<\/li>\n<li><strong>Troisi\u00e8me \u00e9tape :<\/strong> l\u2019int\u00e9rieur, sans h\u00e2te et en v\u00e9rifiant d\u2019abord les \u00e9ventuels horaires actualis\u00e9s.<\/li>\n<\/ul>\n<p>Visiter San Francesco della Vigna signifie ajouter \u00e0 Venise une \u00e9tape moins imm\u00e9diate mais tr\u00e8s lisible : une \u00e9glise, un campo, une marge urbaine qui racontent comment la ville sait \u00eatre monumentale sans se remplir de foule. Il convient d\u2019y arriver avec du temps, de regarder la fa\u00e7ade sans h\u00e2te, d\u2019entrer dans les chapelles, puis de reprendre la promenade vers Castello ou la lagune int\u00e9rieure. Ce n\u2019est pas un lieu \u00e0 cocher sur une liste, mais \u00e0 ins\u00e9rer dans un itin\u00e9raire lent, lorsque l\u2019on veut comprendre Venise aussi \u00e0 travers ses pauses.<\/p>\n","protected":false},"excerpt":{"rendered":"<p>Aper\u00e7u de l\u2019histoire, des vignes, de l\u2019architecture et de la qui\u00e9tude urbaine de San Francesco della Vigna.<\/p>\n","protected":false},"author":1,"featured_media":461,"comment_status":"open","ping_status":"open","sticky":false,"template":"","format":"standard","meta":{"footnotes":""},"categories":[74],"tags":[78,64,79,54,1953,1954],"class_list":["post-3110","post","type-post","status-publish","format-standard","has-post-thumbnail","hentry","category-arte-e-cultura","tag-arte-veneziana","tag-castello","tag-chiese-di-venezia","tag-palladio","tag-san-francesco-della-vigna-fr","tag-sansovino-fr"],"yoast_head":"<!-- This site is optimized with the Yoast SEO plugin v28.4 - https:\/\/yoast.com\/product\/yoast-seo-wordpress\/ -->\n<title>San Francesco della Vigna : vignes, proportions et silence au fond de Castello &#8212; Unlock Venice<\/title>\n<meta name=\"robots\" content=\"index, follow, max-snippet:-1, max-image-preview:large, max-video-preview:-1\" \/>\n<link rel=\"canonical\" href=\"https:\/\/www.unlockvenice.com\/fr\/san-francesco-della-vigna-castello\/\" \/>\n<meta property=\"og:locale\" content=\"fr_FR\" \/>\n<meta property=\"og:type\" content=\"article\" \/>\n<meta property=\"og:title\" content=\"San Francesco della Vigna : vignes, proportions et silence au fond de Castello &#8212; Unlock Venice\" \/>\n<meta property=\"og:description\" content=\"Aper\u00e7u de l\u2019histoire, des vignes, de l\u2019architecture et de la qui\u00e9tude urbaine de San Francesco della Vigna.\" \/>\n<meta property=\"og:url\" content=\"https:\/\/www.unlockvenice.com\/fr\/san-francesco-della-vigna-castello\/\" \/>\n<meta property=\"og:site_name\" content=\"Unlock Venice\" \/>\n<meta property=\"article:published_time\" content=\"2026-07-06T11:00:00+00:00\" \/>\n<meta property=\"article:modified_time\" content=\"2026-09-02T14:10:05+00:00\" \/>\n<meta property=\"og:image\" content=\"https:\/\/www.unlockvenice.com\/wp-content\/uploads\/2026\/06\/aiep-featured-460.png\" \/>\n\t<meta property=\"og:image:width\" content=\"1536\" \/>\n\t<meta property=\"og:image:height\" content=\"1024\" \/>\n\t<meta property=\"og:image:type\" content=\"image\/png\" \/>\n<meta name=\"author\" content=\"Matteo Curr\u00f2\" \/>\n<meta name=\"twitter:card\" content=\"summary_large_image\" \/>\n<meta name=\"twitter:label1\" content=\"\u00c9crit par\" \/>\n\t<meta name=\"twitter:data1\" content=\"Matteo Curr\u00f2\" \/>\n\t<meta name=\"twitter:label2\" content=\"Dur\u00e9e de lecture estim\u00e9e\" \/>\n\t<meta name=\"twitter:data2\" content=\"5 minutes\" \/>\n<script type=\"application\/ld+json\" class=\"yoast-schema-graph\">{\"@context\":\"https:\\\/\\\/schema.org\",\"@graph\":[{\"@type\":\"Article\",\"@id\":\"https:\\\/\\\/www.unlockvenice.com\\\/fr\\\/san-francesco-della-vigna-castello\\\/#article\",\"isPartOf\":{\"@id\":\"https:\\\/\\\/www.unlockvenice.com\\\/fr\\\/san-francesco-della-vigna-castello\\\/\"},\"author\":{\"name\":\"Matteo Curr\u00f2\",\"@id\":\"https:\\\/\\\/www.unlockvenice.com\\\/fr\\\/#\\\/schema\\\/person\\\/123bf2bab97e224370ddb9d83d8907cd\"},\"headline\":\"San Francesco della Vigna : vignes, proportions et silence au fond de Castello\",\"datePublished\":\"2026-07-06T11:00:00+00:00\",\"dateModified\":\"2026-09-02T14:10:05+00:00\",\"mainEntityOfPage\":{\"@id\":\"https:\\\/\\\/www.unlockvenice.com\\\/fr\\\/san-francesco-della-vigna-castello\\\/\"},\"wordCount\":1048,\"commentCount\":0,\"publisher\":{\"@id\":\"https:\\\/\\\/www.unlockvenice.com\\\/fr\\\/#organization\"},\"image\":{\"@id\":\"https:\\\/\\\/www.unlockvenice.com\\\/fr\\\/san-francesco-della-vigna-castello\\\/#primaryimage\"},\"thumbnailUrl\":\"https:\\\/\\\/www.unlockvenice.com\\\/wp-content\\\/uploads\\\/2026\\\/06\\\/aiep-featured-460.png\",\"keywords\":[\"arte veneziana\",\"Castello\",\"chiese di Venezia\",\"Palladio\",\"San Francesco della Vigna\",\"Sansovino\"],\"articleSection\":[\"Arte e cultura\"],\"inLanguage\":\"fr-FR\",\"potentialAction\":[{\"@type\":\"CommentAction\",\"name\":\"Comment\",\"target\":[\"https:\\\/\\\/www.unlockvenice.com\\\/fr\\\/san-francesco-della-vigna-castello\\\/#respond\"]}]},{\"@type\":\"WebPage\",\"@id\":\"https:\\\/\\\/www.unlockvenice.com\\\/fr\\\/san-francesco-della-vigna-castello\\\/\",\"url\":\"https:\\\/\\\/www.unlockvenice.com\\\/fr\\\/san-francesco-della-vigna-castello\\\/\",\"name\":\"San Francesco della Vigna : vignes, proportions et silence au fond de Castello &#8212; Unlock Venice\",\"isPartOf\":{\"@id\":\"https:\\\/\\\/www.unlockvenice.com\\\/fr\\\/#website\"},\"primaryImageOfPage\":{\"@id\":\"https:\\\/\\\/www.unlockvenice.com\\\/fr\\\/san-francesco-della-vigna-castello\\\/#primaryimage\"},\"image\":{\"@id\":\"https:\\\/\\\/www.unlockvenice.com\\\/fr\\\/san-francesco-della-vigna-castello\\\/#primaryimage\"},\"thumbnailUrl\":\"https:\\\/\\\/www.unlockvenice.com\\\/wp-content\\\/uploads\\\/2026\\\/06\\\/aiep-featured-460.png\",\"datePublished\":\"2026-07-06T11:00:00+00:00\",\"dateModified\":\"2026-09-02T14:10:05+00:00\",\"breadcrumb\":{\"@id\":\"https:\\\/\\\/www.unlockvenice.com\\\/fr\\\/san-francesco-della-vigna-castello\\\/#breadcrumb\"},\"inLanguage\":\"fr-FR\",\"potentialAction\":[{\"@type\":\"ReadAction\",\"target\":[\"https:\\\/\\\/www.unlockvenice.com\\\/fr\\\/san-francesco-della-vigna-castello\\\/\"]}]},{\"@type\":\"ImageObject\",\"inLanguage\":\"fr-FR\",\"@id\":\"https:\\\/\\\/www.unlockvenice.com\\\/fr\\\/san-francesco-della-vigna-castello\\\/#primaryimage\",\"url\":\"https:\\\/\\\/www.unlockvenice.com\\\/wp-content\\\/uploads\\\/2026\\\/06\\\/aiep-featured-460.png\",\"contentUrl\":\"https:\\\/\\\/www.unlockvenice.com\\\/wp-content\\\/uploads\\\/2026\\\/06\\\/aiep-featured-460.png\",\"width\":1536,\"height\":1024,\"caption\":\"Profilo minimale di San Francesco della Vigna a Castello.\"},{\"@type\":\"BreadcrumbList\",\"@id\":\"https:\\\/\\\/www.unlockvenice.com\\\/fr\\\/san-francesco-della-vigna-castello\\\/#breadcrumb\",\"itemListElement\":[{\"@type\":\"ListItem\",\"position\":1,\"name\":\"Home\",\"item\":\"https:\\\/\\\/www.unlockvenice.com\\\/fr\\\/\"},{\"@type\":\"ListItem\",\"position\":2,\"name\":\"San Francesco della Vigna : vignes, proportions et silence au fond de Castello\"}]},{\"@type\":\"WebSite\",\"@id\":\"https:\\\/\\\/www.unlockvenice.com\\\/fr\\\/#website\",\"url\":\"https:\\\/\\\/www.unlockvenice.com\\\/fr\\\/\",\"name\":\"Unlock Venice\",\"description\":\"Guida a Venezia e soggiorni a Mestre\",\"publisher\":{\"@id\":\"https:\\\/\\\/www.unlockvenice.com\\\/fr\\\/#organization\"},\"alternateName\":\"Unlock Venice\",\"potentialAction\":[{\"@type\":\"SearchAction\",\"target\":{\"@type\":\"EntryPoint\",\"urlTemplate\":\"https:\\\/\\\/www.unlockvenice.com\\\/fr\\\/?s={search_term_string}\"},\"query-input\":{\"@type\":\"PropertyValueSpecification\",\"valueRequired\":true,\"valueName\":\"search_term_string\"}}],\"inLanguage\":\"fr-FR\"},{\"@type\":\"Organization\",\"@id\":\"https:\\\/\\\/www.unlockvenice.com\\\/fr\\\/#organization\",\"name\":\"Unlock Venice\",\"alternateName\":\"U-Venice\",\"url\":\"https:\\\/\\\/www.unlockvenice.com\\\/fr\\\/\",\"logo\":{\"@type\":\"ImageObject\",\"inLanguage\":\"fr-FR\",\"@id\":\"https:\\\/\\\/www.unlockvenice.com\\\/fr\\\/#\\\/schema\\\/logo\\\/image\\\/\",\"url\":\"https:\\\/\\\/www.unlockvenice.com\\\/wp-content\\\/uploads\\\/2026\\\/05\\\/unlock.png\",\"contentUrl\":\"https:\\\/\\\/www.unlockvenice.com\\\/wp-content\\\/uploads\\\/2026\\\/05\\\/unlock.png\",\"width\":1254,\"height\":1254,\"caption\":\"Unlock Venice\"},\"image\":{\"@id\":\"https:\\\/\\\/www.unlockvenice.com\\\/fr\\\/#\\\/schema\\\/logo\\\/image\\\/\"}},{\"@type\":\"Person\",\"@id\":\"https:\\\/\\\/www.unlockvenice.com\\\/fr\\\/#\\\/schema\\\/person\\\/123bf2bab97e224370ddb9d83d8907cd\",\"name\":\"Matteo Curr\u00f2\",\"image\":{\"@type\":\"ImageObject\",\"inLanguage\":\"fr-FR\",\"@id\":\"https:\\\/\\\/www.unlockvenice.com\\\/wp-content\\\/litespeed\\\/avatar\\\/38502b640cc8eeaabca113105dce2c86.jpg?ver=1788339049\",\"url\":\"https:\\\/\\\/www.unlockvenice.com\\\/wp-content\\\/litespeed\\\/avatar\\\/38502b640cc8eeaabca113105dce2c86.jpg?ver=1788339049\",\"contentUrl\":\"https:\\\/\\\/www.unlockvenice.com\\\/wp-content\\\/litespeed\\\/avatar\\\/38502b640cc8eeaabca113105dce2c86.jpg?ver=1788339049\",\"caption\":\"Matteo Curr\u00f2\"},\"sameAs\":[\"http:\\\/\\\/www.unlockvenice.com\"]}]}<\/script>\n<!-- \/ Yoast SEO plugin. -->","yoast_head_json":{"title":"San Francesco della Vigna : vignes, proportions et silence au fond de Castello &#8212; Unlock Venice","robots":{"index":"index","follow":"follow","max-snippet":"max-snippet:-1","max-image-preview":"max-image-preview:large","max-video-preview":"max-video-preview:-1"},"canonical":"https:\/\/www.unlockvenice.com\/fr\/san-francesco-della-vigna-castello\/","og_locale":"fr_FR","og_type":"article","og_title":"San Francesco della Vigna : vignes, proportions et silence au fond de Castello &#8212; Unlock Venice","og_description":"Aper\u00e7u de l\u2019histoire, des vignes, de l\u2019architecture et de la qui\u00e9tude urbaine de San Francesco della Vigna.","og_url":"https:\/\/www.unlockvenice.com\/fr\/san-francesco-della-vigna-castello\/","og_site_name":"Unlock Venice","article_published_time":"2026-07-06T11:00:00+00:00","article_modified_time":"2026-09-02T14:10:05+00:00","og_image":[{"width":1536,"height":1024,"url":"https:\/\/www.unlockvenice.com\/wp-content\/uploads\/2026\/06\/aiep-featured-460.png","type":"image\/png"}],"author":"Matteo Curr\u00f2","twitter_card":"summary_large_image","twitter_misc":{"\u00c9crit par":"Matteo Curr\u00f2","Dur\u00e9e de lecture estim\u00e9e":"5 minutes"},"schema":{"@context":"https:\/\/schema.org","@graph":[{"@type":"Article","@id":"https:\/\/www.unlockvenice.com\/fr\/san-francesco-della-vigna-castello\/#article","isPartOf":{"@id":"https:\/\/www.unlockvenice.com\/fr\/san-francesco-della-vigna-castello\/"},"author":{"name":"Matteo Curr\u00f2","@id":"https:\/\/www.unlockvenice.com\/fr\/#\/schema\/person\/123bf2bab97e224370ddb9d83d8907cd"},"headline":"San Francesco della Vigna : vignes, proportions et silence au fond de Castello","datePublished":"2026-07-06T11:00:00+00:00","dateModified":"2026-09-02T14:10:05+00:00","mainEntityOfPage":{"@id":"https:\/\/www.unlockvenice.com\/fr\/san-francesco-della-vigna-castello\/"},"wordCount":1048,"commentCount":0,"publisher":{"@id":"https:\/\/www.unlockvenice.com\/fr\/#organization"},"image":{"@id":"https:\/\/www.unlockvenice.com\/fr\/san-francesco-della-vigna-castello\/#primaryimage"},"thumbnailUrl":"https:\/\/www.unlockvenice.com\/wp-content\/uploads\/2026\/06\/aiep-featured-460.png","keywords":["arte veneziana","Castello","chiese di Venezia","Palladio","San Francesco della Vigna","Sansovino"],"articleSection":["Arte e cultura"],"inLanguage":"fr-FR","potentialAction":[{"@type":"CommentAction","name":"Comment","target":["https:\/\/www.unlockvenice.com\/fr\/san-francesco-della-vigna-castello\/#respond"]}]},{"@type":"WebPage","@id":"https:\/\/www.unlockvenice.com\/fr\/san-francesco-della-vigna-castello\/","url":"https:\/\/www.unlockvenice.com\/fr\/san-francesco-della-vigna-castello\/","name":"San Francesco della Vigna : vignes, proportions et silence au fond de Castello &#8212; Unlock Venice","isPartOf":{"@id":"https:\/\/www.unlockvenice.com\/fr\/#website"},"primaryImageOfPage":{"@id":"https:\/\/www.unlockvenice.com\/fr\/san-francesco-della-vigna-castello\/#primaryimage"},"image":{"@id":"https:\/\/www.unlockvenice.com\/fr\/san-francesco-della-vigna-castello\/#primaryimage"},"thumbnailUrl":"https:\/\/www.unlockvenice.com\/wp-content\/uploads\/2026\/06\/aiep-featured-460.png","datePublished":"2026-07-06T11:00:00+00:00","dateModified":"2026-09-02T14:10:05+00:00","breadcrumb":{"@id":"https:\/\/www.unlockvenice.com\/fr\/san-francesco-della-vigna-castello\/#breadcrumb"},"inLanguage":"fr-FR","potentialAction":[{"@type":"ReadAction","target":["https:\/\/www.unlockvenice.com\/fr\/san-francesco-della-vigna-castello\/"]}]},{"@type":"ImageObject","inLanguage":"fr-FR","@id":"https:\/\/www.unlockvenice.com\/fr\/san-francesco-della-vigna-castello\/#primaryimage","url":"https:\/\/www.unlockvenice.com\/wp-content\/uploads\/2026\/06\/aiep-featured-460.png","contentUrl":"https:\/\/www.unlockvenice.com\/wp-content\/uploads\/2026\/06\/aiep-featured-460.png","width":1536,"height":1024,"caption":"Profilo minimale di San Francesco della Vigna a Castello."},{"@type":"BreadcrumbList","@id":"https:\/\/www.unlockvenice.com\/fr\/san-francesco-della-vigna-castello\/#breadcrumb","itemListElement":[{"@type":"ListItem","position":1,"name":"Home","item":"https:\/\/www.unlockvenice.com\/fr\/"},{"@type":"ListItem","position":2,"name":"San Francesco della Vigna : vignes, proportions et silence au fond de Castello"}]},{"@type":"WebSite","@id":"https:\/\/www.unlockvenice.com\/fr\/#website","url":"https:\/\/www.unlockvenice.com\/fr\/","name":"Unlock Venice","description":"Guida a Venezia e soggiorni a Mestre","publisher":{"@id":"https:\/\/www.unlockvenice.com\/fr\/#organization"},"alternateName":"Unlock Venice","potentialAction":[{"@type":"SearchAction","target":{"@type":"EntryPoint","urlTemplate":"https:\/\/www.unlockvenice.com\/fr\/?s={search_term_string}"},"query-input":{"@type":"PropertyValueSpecification","valueRequired":true,"valueName":"search_term_string"}}],"inLanguage":"fr-FR"},{"@type":"Organization","@id":"https:\/\/www.unlockvenice.com\/fr\/#organization","name":"Unlock Venice","alternateName":"U-Venice","url":"https:\/\/www.unlockvenice.com\/fr\/","logo":{"@type":"ImageObject","inLanguage":"fr-FR","@id":"https:\/\/www.unlockvenice.com\/fr\/#\/schema\/logo\/image\/","url":"https:\/\/www.unlockvenice.com\/wp-content\/uploads\/2026\/05\/unlock.png","contentUrl":"https:\/\/www.unlockvenice.com\/wp-content\/uploads\/2026\/05\/unlock.png","width":1254,"height":1254,"caption":"Unlock Venice"},"image":{"@id":"https:\/\/www.unlockvenice.com\/fr\/#\/schema\/logo\/image\/"}},{"@type":"Person","@id":"https:\/\/www.unlockvenice.com\/fr\/#\/schema\/person\/123bf2bab97e224370ddb9d83d8907cd","name":"Matteo Curr\u00f2","image":{"@type":"ImageObject","inLanguage":"fr-FR","@id":"https:\/\/www.unlockvenice.com\/wp-content\/litespeed\/avatar\/38502b640cc8eeaabca113105dce2c86.jpg?ver=1788339049","url":"https:\/\/www.unlockvenice.com\/wp-content\/litespeed\/avatar\/38502b640cc8eeaabca113105dce2c86.jpg?ver=1788339049","contentUrl":"https:\/\/www.unlockvenice.com\/wp-content\/litespeed\/avatar\/38502b640cc8eeaabca113105dce2c86.jpg?ver=1788339049","caption":"Matteo Curr\u00f2"},"sameAs":["http:\/\/www.unlockvenice.com"]}]}},"_links":{"self":[{"href":"https:\/\/www.unlockvenice.com\/fr\/wp-json\/wp\/v2\/posts\/3110","targetHints":{"allow":["GET"]}}],"collection":[{"href":"https:\/\/www.unlockvenice.com\/fr\/wp-json\/wp\/v2\/posts"}],"about":[{"href":"https:\/\/www.unlockvenice.com\/fr\/wp-json\/wp\/v2\/types\/post"}],"author":[{"embeddable":true,"href":"https:\/\/www.unlockvenice.com\/fr\/wp-json\/wp\/v2\/users\/1"}],"replies":[{"embeddable":true,"href":"https:\/\/www.unlockvenice.com\/fr\/wp-json\/wp\/v2\/comments?post=3110"}],"version-history":[{"count":1,"href":"https:\/\/www.unlockvenice.com\/fr\/wp-json\/wp\/v2\/posts\/3110\/revisions"}],"predecessor-version":[{"id":3112,"href":"https:\/\/www.unlockvenice.com\/fr\/wp-json\/wp\/v2\/posts\/3110\/revisions\/3112"}],"wp:featuredmedia":[{"embeddable":true,"href":"https:\/\/www.unlockvenice.com\/fr\/wp-json\/wp\/v2\/media\/461"}],"wp:attachment":[{"href":"https:\/\/www.unlockvenice.com\/fr\/wp-json\/wp\/v2\/media?parent=3110"}],"wp:term":[{"taxonomy":"category","embeddable":true,"href":"https:\/\/www.unlockvenice.com\/fr\/wp-json\/wp\/v2\/categories?post=3110"},{"taxonomy":"post_tag","embeddable":true,"href":"https:\/\/www.unlockvenice.com\/fr\/wp-json\/wp\/v2\/tags?post=3110"}],"curies":[{"name":"wp","href":"https:\/\/api.w.org\/{rel}","templated":true}]}}