{"id":3074,"date":"2026-07-02T11:00:00","date_gmt":"2026-07-02T09:00:00","guid":{"rendered":"https:\/\/www.unlockvenice.com\/?p=3074"},"modified":"2026-09-02T16:05:27","modified_gmt":"2026-09-02T14:05:27","slug":"fondaco-dei-tedeschi-rialto","status":"publish","type":"post","link":"https:\/\/www.unlockvenice.com\/fr\/fondaco-dei-tedeschi-rialto\/","title":{"rendered":"Le Fondaco dei Tedeschi : de maison des marchands nordiques \u00e0 terrasse contemporaine sur le Rialto"},"content":{"rendered":"<p>\u00c0 c\u00f4t\u00e9 du pont du Rialto, le Fondaco dei Tedeschi n\u2019est pas seulement un \u00e9difice imposant donnant sur le Grand Canal : c\u2019est une trace concr\u00e8te de la mani\u00e8re dont Venise administrait le commerce, surveillait les \u00e9trangers et transformait l\u2019architecture en instrument politique. N\u00e9 pour h\u00e9berger et contr\u00f4ler les marchands de l\u2019Europe nordique, puis reconstruit, d\u00e9cor\u00e9, adapt\u00e9 \u00e0 diff\u00e9rentes fonctions, le Fondaco raconte une ville pratique et cosmopolite, faite de marchandises, de r\u00e8gles, d\u2019eau et de fa\u00e7ades peintes. Le lire aujourd\u2019hui signifie regarder au-del\u00e0 de la terrasse panoramique et reconna\u00eetre, dans sa forme compacte, des si\u00e8cles de relations entre \u00e9conomie, art et vie urbaine.<\/p>\n<h2>Un \u00e9difice n\u00e9 pour contr\u00f4ler le commerce nordique<\/h2>\n<p>Le Fondaco dei Tedeschi naquit \u00e0 quelques pas du pont du Rialto parce qu\u2019ici Venise concentrait le c\u0153ur des trafics : comptoirs de change, poissonneries, entrep\u00f4ts, d\u00e9barcad\u00e8res et bureaux publics. Le terme <em>fondaco<\/em>, d\u00e9riv\u00e9 de l\u2019aire m\u00e9diterran\u00e9enne, d\u00e9signait \u00e0 la fois un d\u00e9p\u00f4t, un logement et un lieu de n\u00e9gociation. Dans le cas v\u00e9nitien, ce n\u2019\u00e9tait pas une simple auberge pour marchands \u00e9trangers, mais un instrument de gouvernement \u00e9conomique.<\/p>\n<p>Depuis le Moyen \u00c2ge, les marchands provenant de l\u2019aire allemande et nordique, se dirigeant vers le march\u00e9 v\u00e9nitien avec des m\u00e9taux, des draps, du cuir, des \u00e9pices r\u00e9export\u00e9es et d\u2019autres marchandises, devaient r\u00e9sider et op\u00e9rer dans cet \u00e9difice sous la surveillance de la S\u00e9r\u00e9nissime. La R\u00e9publique pouvait ainsi enregistrer les arriv\u00e9es et les d\u00e9parts, contr\u00f4ler les transactions, appliquer des droits de douane et r\u00e9duire le risque de contrebande ou d\u2019accords hors march\u00e9.<\/p>\n<p>La position sur le Grand Canal, \u00e0 c\u00f4t\u00e9 du Rialto, ne fut donc pas fortuite : elle pla\u00e7ait les op\u00e9rateurs \u00e9trangers dans le centre commercial de la ville, mais dans des limites bien d\u00e9finies. Avant de devenir une terrasse contemporaine et un espace commercial restaur\u00e9, le Fondaco fut surtout une machine administrative : hospitalit\u00e9, entrep\u00f4t et contr\u00f4le fiscal r\u00e9unis en un seul organisme urbain.<\/p>\n<h2>Incendies, reconstruction et fresques sur la fa\u00e7ade<\/h2>\n<p>Le tournant renaissant du Fondaco dei Tedeschi passe par le feu. L\u2019\u00e9difice m\u00e9di\u00e9val fut gravement endommag\u00e9 par un incendie en 1505 et Venise d\u00e9cida de le reconstruire rapidement, en maintenant sa fonction marchande mais en actualisant son image publique. Le nouveau b\u00e2timent, achev\u00e9 dans les premi\u00e8res ann\u00e9es du XVIe si\u00e8cle, prit un aspect plus r\u00e9gulier : plan compact autour de la cour, portiques pour les marchandises, grandes surfaces ext\u00e9rieures tourn\u00e9es vers le Grand Canal et le Rialto.<\/p>\n<p>Ces fa\u00e7ades devinrent pr\u00e9cis\u00e9ment un manifeste pictural. Giorgione et le jeune Titien furent appel\u00e9s \u00e0 les d\u00e9corer \u00e0 fresque, transformant une maison de marchands \u00e9trangers en une pr\u00e9sence sc\u00e9nographique au c\u0153ur \u00e9conomique de la ville. Aujourd\u2019hui, il n\u2019en reste que des fragments et des t\u00e9moignages, car l\u2019humidit\u00e9 lagunaire et le temps ont presque effac\u00e9 les ensembles. La perte est importante : ces peintures racontaient une Venise capable d\u2019unir contr\u00f4le commercial, prestige politique et exp\u00e9rimentation artistique, avant m\u00eame que l\u2019\u00e9difice ne devienne une terrasse contemporaine sur le Rialto.<\/p>\n<h2>La forme du complexe : cour, fa\u00e7ades et rapport avec l\u2019eau<\/h2>\n<p>Pour comprendre le Fondaco dei Tedeschi, il ne suffit pas de regarder la fa\u00e7ade : il faut le lire comme une machine urbaine construite entre pont, march\u00e9 et Grand Canal. Le plan compact, organis\u00e9 autour d\u2019une cour int\u00e9rieure, r\u00e9pondait \u00e0 des exigences pr\u00e9cises : contr\u00f4le des acc\u00e8s, d\u00e9p\u00f4t des marchandises, logement des marchands et manutention rapide des chargements.<\/p>\n<p><!-- AIEP_INLINE_IMAGE_SLOT:inline_1 --><\/p>\n<figure class=\"wp-block-image size-large aiep-inline-image\"><img decoding=\"async\" src=\"https:\/\/www.unlockvenice.com\/wp-content\/uploads\/2026\/06\/aiep-inline-350-inline_1.png\" alt=\"Illustration pour Le Fondaco dei Tedeschi : de maison des marchands nordiques \u00e0 terrasse contemporaine sur le Rialto\" \/><\/figure>\n<p>La cour \u00e9tait le c\u0153ur pratique du b\u00e2timent. Portiques et coursives distribuaient les espaces sur les diff\u00e9rents niveaux, tandis que l\u2019espace central apportait lumi\u00e8re et air \u00e0 un volume autrement dense et ferm\u00e9. Cette forme quadrangulaire, apparemment s\u00e9v\u00e8re, rendait possible la concentration en un seul lieu de fonctions commerciales, fiscales et r\u00e9sidentielles.<\/p>\n<p>Le rapport avec l\u2019eau \u00e9tait tout aussi d\u00e9terminant. La fa\u00e7ade sur le Grand Canal n\u2019\u00e9tait pas seulement sc\u00e9nographique : elle permettait l\u2019arriv\u00e9e des bateaux, le d\u00e9chargement des marchandises et la visibilit\u00e9 publique d\u2019une pr\u00e9sence \u00e9conomique contr\u00f4l\u00e9e par la R\u00e9publique. La proximit\u00e9 du Rialto compl\u00e9tait le syst\u00e8me : d\u2019un c\u00f4t\u00e9 le trafic d\u2019eau, de l\u2019autre le n\u0153ud terrestre du commerce. M\u00eame la terrasse contemporaine, en regardant d\u2019en haut cet embo\u00eetement, aide \u00e0 reconna\u00eetre la logique originelle du lieu.<\/p>\n<h2>De la poste au belv\u00e9d\u00e8re : comment le lire aujourd\u2019hui<\/h2>\n<p>Apr\u00e8s la fin de la R\u00e9publique, le grand emporium r\u00e9glement\u00e9 par la S\u00e9r\u00e9nissime perdit la fonction pour laquelle il \u00e9tait n\u00e9. Au cours des si\u00e8cles suivants, il fut adapt\u00e9 \u00e0 des usages administratifs et de service ; au XXe si\u00e8cle, de nombreux V\u00e9nitiens l\u2019ont surtout connu comme palais des Postes, avec des guichets, des bureaux et des parcours internes d\u00e9sormais \u00e9loign\u00e9s de la vie ferm\u00e9e des anciennes nations commerciales.<\/p>\n<p>La restauration du XXIe si\u00e8cle a rendu de nouveau lisible sa nature de contenant stratifi\u00e9 : non pas un monument immobile, mais une structure capable de changer de fonction en conservant certains points fixes, comme la cour centrale, le rythme r\u00e9gulier des fa\u00e7ades et le rapport direct avec le Grand Canal. Les interventions contemporaines doivent \u00eatre observ\u00e9es pr\u00e9cis\u00e9ment dans ce dialogue entre permanence et r\u00e9utilisation.<\/p>\n<p>La visite responsable consiste \u00e0 ne pas r\u00e9duire le lieu au seul panorama d\u2019en haut : le belv\u00e9d\u00e8re a du sens s\u2019il est reli\u00e9 \u00e0 l\u2019histoire du contr\u00f4le des marchandises, de la poste, des acc\u00e8s et des vues sur le Rialto. Pour les modalit\u00e9s et conditions d\u2019acc\u00e8s, il est toujours opportun de v\u00e9rifier les informations \u00e0 jour avant la visite.<\/p>\n<p>Le Fondaco dei Tedeschi reste l\u2019un des lieux o\u00f9 Venise montre le mieux sa capacit\u00e9 \u00e0 changer sans perdre compl\u00e8tement les traces du pass\u00e9. La fonction commerciale originelle, les fresques disparues, la cour int\u00e9rieure, le rapport direct avec le Rialto et avec l\u2019eau continuent \u00e0 d\u00e9finir la lecture de l\u2019\u00e9difice, m\u00eame dans des usages contemporains tr\u00e8s diff\u00e9rents. Monter \u00e0 la terrasse peut \u00eatre un geste simple, mais il prend du sens si l\u2019on observe d\u2019abord les proportions, les acc\u00e8s, la position strat\u00e9gique. D\u2019ici, Venise n\u2019appara\u00eet pas seulement sc\u00e9nographique : elle se r\u00e9v\u00e8le comme une ville construite pour organiser les \u00e9changes, contr\u00f4ler les flux et transformer chaque espace en m\u00e9moire active.<\/p>\n","protected":false},"excerpt":{"rendered":"<p>Histoire, architecture et lecture actuelle du Fondaco dei Tedeschi, entre le Rialto, le Grand Canal et la terrasse.<\/p>\n","protected":false},"author":1,"featured_media":351,"comment_status":"open","ping_status":"open","sticky":false,"template":"","format":"standard","meta":{"footnotes":""},"categories":[74],"tags":[203,202,1925,81,1926,10],"class_list":["post-3074","post","type-post","status-publish","format-standard","has-post-thumbnail","hentry","category-arte-e-cultura","tag-architettura","tag-canal-grande","tag-fondaco-dei-tedeschi-fr","tag-rialto","tag-terrazza-fr","tag-venezia"],"yoast_head":"<!-- This site is optimized with the Yoast SEO plugin v28.4 - https:\/\/yoast.com\/product\/yoast-seo-wordpress\/ -->\n<title>Le Fondaco dei Tedeschi : de maison des marchands nordiques \u00e0 terrasse contemporaine sur le Rialto &#8212; Unlock Venice<\/title>\n<meta name=\"robots\" content=\"index, follow, max-snippet:-1, max-image-preview:large, max-video-preview:-1\" \/>\n<link rel=\"canonical\" href=\"https:\/\/www.unlockvenice.com\/fr\/fondaco-dei-tedeschi-rialto\/\" \/>\n<meta property=\"og:locale\" content=\"fr_FR\" \/>\n<meta property=\"og:type\" content=\"article\" \/>\n<meta property=\"og:title\" content=\"Le Fondaco dei Tedeschi : de maison des marchands nordiques \u00e0 terrasse contemporaine sur le Rialto &#8212; Unlock Venice\" \/>\n<meta property=\"og:description\" content=\"Histoire, architecture et lecture actuelle du Fondaco dei Tedeschi, entre le Rialto, le Grand Canal et la terrasse.\" \/>\n<meta property=\"og:url\" content=\"https:\/\/www.unlockvenice.com\/fr\/fondaco-dei-tedeschi-rialto\/\" \/>\n<meta property=\"og:site_name\" content=\"Unlock Venice\" \/>\n<meta property=\"article:published_time\" content=\"2026-07-02T09:00:00+00:00\" \/>\n<meta property=\"article:modified_time\" content=\"2026-09-02T14:05:27+00:00\" \/>\n<meta property=\"og:image\" content=\"https:\/\/www.unlockvenice.com\/wp-content\/uploads\/2026\/06\/aiep-featured-350.png\" \/>\n\t<meta property=\"og:image:width\" content=\"1536\" \/>\n\t<meta property=\"og:image:height\" content=\"1024\" \/>\n\t<meta property=\"og:image:type\" content=\"image\/png\" \/>\n<meta name=\"author\" content=\"Matteo Curr\u00f2\" \/>\n<meta name=\"twitter:card\" content=\"summary_large_image\" \/>\n<meta name=\"twitter:label1\" content=\"\u00c9crit par\" \/>\n\t<meta name=\"twitter:data1\" content=\"Matteo Curr\u00f2\" \/>\n\t<meta name=\"twitter:label2\" content=\"Dur\u00e9e de lecture estim\u00e9e\" \/>\n\t<meta name=\"twitter:data2\" content=\"6 minutes\" \/>\n<script type=\"application\/ld+json\" class=\"yoast-schema-graph\">{\"@context\":\"https:\\\/\\\/schema.org\",\"@graph\":[{\"@type\":\"Article\",\"@id\":\"https:\\\/\\\/www.unlockvenice.com\\\/fr\\\/fondaco-dei-tedeschi-rialto\\\/#article\",\"isPartOf\":{\"@id\":\"https:\\\/\\\/www.unlockvenice.com\\\/fr\\\/fondaco-dei-tedeschi-rialto\\\/\"},\"author\":{\"name\":\"Matteo Curr\u00f2\",\"@id\":\"https:\\\/\\\/www.unlockvenice.com\\\/fr\\\/#\\\/schema\\\/person\\\/123bf2bab97e224370ddb9d83d8907cd\"},\"headline\":\"Le Fondaco dei Tedeschi : de maison des marchands nordiques \u00e0 terrasse contemporaine sur le Rialto\",\"datePublished\":\"2026-07-02T09:00:00+00:00\",\"dateModified\":\"2026-09-02T14:05:27+00:00\",\"mainEntityOfPage\":{\"@id\":\"https:\\\/\\\/www.unlockvenice.com\\\/fr\\\/fondaco-dei-tedeschi-rialto\\\/\"},\"wordCount\":1163,\"commentCount\":0,\"publisher\":{\"@id\":\"https:\\\/\\\/www.unlockvenice.com\\\/fr\\\/#organization\"},\"image\":{\"@id\":\"https:\\\/\\\/www.unlockvenice.com\\\/fr\\\/fondaco-dei-tedeschi-rialto\\\/#primaryimage\"},\"thumbnailUrl\":\"https:\\\/\\\/www.unlockvenice.com\\\/wp-content\\\/uploads\\\/2026\\\/06\\\/aiep-featured-350.png\",\"keywords\":[\"architettura\",\"Canal Grande\",\"Fondaco dei Tedeschi\",\"Rialto\",\"terrazza\",\"Venezia\"],\"articleSection\":[\"Arte e cultura\"],\"inLanguage\":\"fr-FR\",\"potentialAction\":[{\"@type\":\"CommentAction\",\"name\":\"Comment\",\"target\":[\"https:\\\/\\\/www.unlockvenice.com\\\/fr\\\/fondaco-dei-tedeschi-rialto\\\/#respond\"]}]},{\"@type\":\"WebPage\",\"@id\":\"https:\\\/\\\/www.unlockvenice.com\\\/fr\\\/fondaco-dei-tedeschi-rialto\\\/\",\"url\":\"https:\\\/\\\/www.unlockvenice.com\\\/fr\\\/fondaco-dei-tedeschi-rialto\\\/\",\"name\":\"Le Fondaco dei Tedeschi : de maison des marchands nordiques \u00e0 terrasse contemporaine sur le Rialto &#8212; Unlock Venice\",\"isPartOf\":{\"@id\":\"https:\\\/\\\/www.unlockvenice.com\\\/fr\\\/#website\"},\"primaryImageOfPage\":{\"@id\":\"https:\\\/\\\/www.unlockvenice.com\\\/fr\\\/fondaco-dei-tedeschi-rialto\\\/#primaryimage\"},\"image\":{\"@id\":\"https:\\\/\\\/www.unlockvenice.com\\\/fr\\\/fondaco-dei-tedeschi-rialto\\\/#primaryimage\"},\"thumbnailUrl\":\"https:\\\/\\\/www.unlockvenice.com\\\/wp-content\\\/uploads\\\/2026\\\/06\\\/aiep-featured-350.png\",\"datePublished\":\"2026-07-02T09:00:00+00:00\",\"dateModified\":\"2026-09-02T14:05:27+00:00\",\"breadcrumb\":{\"@id\":\"https:\\\/\\\/www.unlockvenice.com\\\/fr\\\/fondaco-dei-tedeschi-rialto\\\/#breadcrumb\"},\"inLanguage\":\"fr-FR\",\"potentialAction\":[{\"@type\":\"ReadAction\",\"target\":[\"https:\\\/\\\/www.unlockvenice.com\\\/fr\\\/fondaco-dei-tedeschi-rialto\\\/\"]}]},{\"@type\":\"ImageObject\",\"inLanguage\":\"fr-FR\",\"@id\":\"https:\\\/\\\/www.unlockvenice.com\\\/fr\\\/fondaco-dei-tedeschi-rialto\\\/#primaryimage\",\"url\":\"https:\\\/\\\/www.unlockvenice.com\\\/wp-content\\\/uploads\\\/2026\\\/06\\\/aiep-featured-350.png\",\"contentUrl\":\"https:\\\/\\\/www.unlockvenice.com\\\/wp-content\\\/uploads\\\/2026\\\/06\\\/aiep-featured-350.png\",\"width\":1536,\"height\":1024,\"caption\":\"Disegno minimale del Fondaco dei Tedeschi vicino al ponte di Rialto\"},{\"@type\":\"BreadcrumbList\",\"@id\":\"https:\\\/\\\/www.unlockvenice.com\\\/fr\\\/fondaco-dei-tedeschi-rialto\\\/#breadcrumb\",\"itemListElement\":[{\"@type\":\"ListItem\",\"position\":1,\"name\":\"Home\",\"item\":\"https:\\\/\\\/www.unlockvenice.com\\\/fr\\\/\"},{\"@type\":\"ListItem\",\"position\":2,\"name\":\"Le Fondaco dei Tedeschi : de maison des marchands nordiques \u00e0 terrasse contemporaine sur le Rialto\"}]},{\"@type\":\"WebSite\",\"@id\":\"https:\\\/\\\/www.unlockvenice.com\\\/fr\\\/#website\",\"url\":\"https:\\\/\\\/www.unlockvenice.com\\\/fr\\\/\",\"name\":\"Unlock Venice\",\"description\":\"Guida a Venezia e soggiorni a Mestre\",\"publisher\":{\"@id\":\"https:\\\/\\\/www.unlockvenice.com\\\/fr\\\/#organization\"},\"alternateName\":\"Unlock Venice\",\"potentialAction\":[{\"@type\":\"SearchAction\",\"target\":{\"@type\":\"EntryPoint\",\"urlTemplate\":\"https:\\\/\\\/www.unlockvenice.com\\\/fr\\\/?s={search_term_string}\"},\"query-input\":{\"@type\":\"PropertyValueSpecification\",\"valueRequired\":true,\"valueName\":\"search_term_string\"}}],\"inLanguage\":\"fr-FR\"},{\"@type\":\"Organization\",\"@id\":\"https:\\\/\\\/www.unlockvenice.com\\\/fr\\\/#organization\",\"name\":\"Unlock Venice\",\"alternateName\":\"U-Venice\",\"url\":\"https:\\\/\\\/www.unlockvenice.com\\\/fr\\\/\",\"logo\":{\"@type\":\"ImageObject\",\"inLanguage\":\"fr-FR\",\"@id\":\"https:\\\/\\\/www.unlockvenice.com\\\/fr\\\/#\\\/schema\\\/logo\\\/image\\\/\",\"url\":\"https:\\\/\\\/www.unlockvenice.com\\\/wp-content\\\/uploads\\\/2026\\\/05\\\/unlock.png\",\"contentUrl\":\"https:\\\/\\\/www.unlockvenice.com\\\/wp-content\\\/uploads\\\/2026\\\/05\\\/unlock.png\",\"width\":1254,\"height\":1254,\"caption\":\"Unlock Venice\"},\"image\":{\"@id\":\"https:\\\/\\\/www.unlockvenice.com\\\/fr\\\/#\\\/schema\\\/logo\\\/image\\\/\"}},{\"@type\":\"Person\",\"@id\":\"https:\\\/\\\/www.unlockvenice.com\\\/fr\\\/#\\\/schema\\\/person\\\/123bf2bab97e224370ddb9d83d8907cd\",\"name\":\"Matteo Curr\u00f2\",\"image\":{\"@type\":\"ImageObject\",\"inLanguage\":\"fr-FR\",\"@id\":\"https:\\\/\\\/www.unlockvenice.com\\\/wp-content\\\/litespeed\\\/avatar\\\/38502b640cc8eeaabca113105dce2c86.jpg?ver=1788339049\",\"url\":\"https:\\\/\\\/www.unlockvenice.com\\\/wp-content\\\/litespeed\\\/avatar\\\/38502b640cc8eeaabca113105dce2c86.jpg?ver=1788339049\",\"contentUrl\":\"https:\\\/\\\/www.unlockvenice.com\\\/wp-content\\\/litespeed\\\/avatar\\\/38502b640cc8eeaabca113105dce2c86.jpg?ver=1788339049\",\"caption\":\"Matteo Curr\u00f2\"},\"sameAs\":[\"http:\\\/\\\/www.unlockvenice.com\"]}]}<\/script>\n<!-- \/ Yoast SEO plugin. -->","yoast_head_json":{"title":"Le Fondaco dei Tedeschi : de maison des marchands nordiques \u00e0 terrasse contemporaine sur le Rialto &#8212; Unlock Venice","robots":{"index":"index","follow":"follow","max-snippet":"max-snippet:-1","max-image-preview":"max-image-preview:large","max-video-preview":"max-video-preview:-1"},"canonical":"https:\/\/www.unlockvenice.com\/fr\/fondaco-dei-tedeschi-rialto\/","og_locale":"fr_FR","og_type":"article","og_title":"Le Fondaco dei Tedeschi : de maison des marchands nordiques \u00e0 terrasse contemporaine sur le Rialto &#8212; Unlock Venice","og_description":"Histoire, architecture et lecture actuelle du Fondaco dei Tedeschi, entre le Rialto, le Grand Canal et la terrasse.","og_url":"https:\/\/www.unlockvenice.com\/fr\/fondaco-dei-tedeschi-rialto\/","og_site_name":"Unlock Venice","article_published_time":"2026-07-02T09:00:00+00:00","article_modified_time":"2026-09-02T14:05:27+00:00","og_image":[{"width":1536,"height":1024,"url":"https:\/\/www.unlockvenice.com\/wp-content\/uploads\/2026\/06\/aiep-featured-350.png","type":"image\/png"}],"author":"Matteo Curr\u00f2","twitter_card":"summary_large_image","twitter_misc":{"\u00c9crit par":"Matteo Curr\u00f2","Dur\u00e9e de lecture estim\u00e9e":"6 minutes"},"schema":{"@context":"https:\/\/schema.org","@graph":[{"@type":"Article","@id":"https:\/\/www.unlockvenice.com\/fr\/fondaco-dei-tedeschi-rialto\/#article","isPartOf":{"@id":"https:\/\/www.unlockvenice.com\/fr\/fondaco-dei-tedeschi-rialto\/"},"author":{"name":"Matteo Curr\u00f2","@id":"https:\/\/www.unlockvenice.com\/fr\/#\/schema\/person\/123bf2bab97e224370ddb9d83d8907cd"},"headline":"Le Fondaco dei Tedeschi : de maison des marchands nordiques \u00e0 terrasse contemporaine sur le Rialto","datePublished":"2026-07-02T09:00:00+00:00","dateModified":"2026-09-02T14:05:27+00:00","mainEntityOfPage":{"@id":"https:\/\/www.unlockvenice.com\/fr\/fondaco-dei-tedeschi-rialto\/"},"wordCount":1163,"commentCount":0,"publisher":{"@id":"https:\/\/www.unlockvenice.com\/fr\/#organization"},"image":{"@id":"https:\/\/www.unlockvenice.com\/fr\/fondaco-dei-tedeschi-rialto\/#primaryimage"},"thumbnailUrl":"https:\/\/www.unlockvenice.com\/wp-content\/uploads\/2026\/06\/aiep-featured-350.png","keywords":["architettura","Canal Grande","Fondaco dei Tedeschi","Rialto","terrazza","Venezia"],"articleSection":["Arte e cultura"],"inLanguage":"fr-FR","potentialAction":[{"@type":"CommentAction","name":"Comment","target":["https:\/\/www.unlockvenice.com\/fr\/fondaco-dei-tedeschi-rialto\/#respond"]}]},{"@type":"WebPage","@id":"https:\/\/www.unlockvenice.com\/fr\/fondaco-dei-tedeschi-rialto\/","url":"https:\/\/www.unlockvenice.com\/fr\/fondaco-dei-tedeschi-rialto\/","name":"Le Fondaco dei Tedeschi : de maison des marchands nordiques \u00e0 terrasse contemporaine sur le Rialto &#8212; Unlock Venice","isPartOf":{"@id":"https:\/\/www.unlockvenice.com\/fr\/#website"},"primaryImageOfPage":{"@id":"https:\/\/www.unlockvenice.com\/fr\/fondaco-dei-tedeschi-rialto\/#primaryimage"},"image":{"@id":"https:\/\/www.unlockvenice.com\/fr\/fondaco-dei-tedeschi-rialto\/#primaryimage"},"thumbnailUrl":"https:\/\/www.unlockvenice.com\/wp-content\/uploads\/2026\/06\/aiep-featured-350.png","datePublished":"2026-07-02T09:00:00+00:00","dateModified":"2026-09-02T14:05:27+00:00","breadcrumb":{"@id":"https:\/\/www.unlockvenice.com\/fr\/fondaco-dei-tedeschi-rialto\/#breadcrumb"},"inLanguage":"fr-FR","potentialAction":[{"@type":"ReadAction","target":["https:\/\/www.unlockvenice.com\/fr\/fondaco-dei-tedeschi-rialto\/"]}]},{"@type":"ImageObject","inLanguage":"fr-FR","@id":"https:\/\/www.unlockvenice.com\/fr\/fondaco-dei-tedeschi-rialto\/#primaryimage","url":"https:\/\/www.unlockvenice.com\/wp-content\/uploads\/2026\/06\/aiep-featured-350.png","contentUrl":"https:\/\/www.unlockvenice.com\/wp-content\/uploads\/2026\/06\/aiep-featured-350.png","width":1536,"height":1024,"caption":"Disegno minimale del Fondaco dei Tedeschi vicino al ponte di Rialto"},{"@type":"BreadcrumbList","@id":"https:\/\/www.unlockvenice.com\/fr\/fondaco-dei-tedeschi-rialto\/#breadcrumb","itemListElement":[{"@type":"ListItem","position":1,"name":"Home","item":"https:\/\/www.unlockvenice.com\/fr\/"},{"@type":"ListItem","position":2,"name":"Le Fondaco dei Tedeschi : de maison des marchands nordiques \u00e0 terrasse contemporaine sur le Rialto"}]},{"@type":"WebSite","@id":"https:\/\/www.unlockvenice.com\/fr\/#website","url":"https:\/\/www.unlockvenice.com\/fr\/","name":"Unlock Venice","description":"Guida a Venezia e soggiorni a Mestre","publisher":{"@id":"https:\/\/www.unlockvenice.com\/fr\/#organization"},"alternateName":"Unlock Venice","potentialAction":[{"@type":"SearchAction","target":{"@type":"EntryPoint","urlTemplate":"https:\/\/www.unlockvenice.com\/fr\/?s={search_term_string}"},"query-input":{"@type":"PropertyValueSpecification","valueRequired":true,"valueName":"search_term_string"}}],"inLanguage":"fr-FR"},{"@type":"Organization","@id":"https:\/\/www.unlockvenice.com\/fr\/#organization","name":"Unlock Venice","alternateName":"U-Venice","url":"https:\/\/www.unlockvenice.com\/fr\/","logo":{"@type":"ImageObject","inLanguage":"fr-FR","@id":"https:\/\/www.unlockvenice.com\/fr\/#\/schema\/logo\/image\/","url":"https:\/\/www.unlockvenice.com\/wp-content\/uploads\/2026\/05\/unlock.png","contentUrl":"https:\/\/www.unlockvenice.com\/wp-content\/uploads\/2026\/05\/unlock.png","width":1254,"height":1254,"caption":"Unlock Venice"},"image":{"@id":"https:\/\/www.unlockvenice.com\/fr\/#\/schema\/logo\/image\/"}},{"@type":"Person","@id":"https:\/\/www.unlockvenice.com\/fr\/#\/schema\/person\/123bf2bab97e224370ddb9d83d8907cd","name":"Matteo Curr\u00f2","image":{"@type":"ImageObject","inLanguage":"fr-FR","@id":"https:\/\/www.unlockvenice.com\/wp-content\/litespeed\/avatar\/38502b640cc8eeaabca113105dce2c86.jpg?ver=1788339049","url":"https:\/\/www.unlockvenice.com\/wp-content\/litespeed\/avatar\/38502b640cc8eeaabca113105dce2c86.jpg?ver=1788339049","contentUrl":"https:\/\/www.unlockvenice.com\/wp-content\/litespeed\/avatar\/38502b640cc8eeaabca113105dce2c86.jpg?ver=1788339049","caption":"Matteo Curr\u00f2"},"sameAs":["http:\/\/www.unlockvenice.com"]}]}},"_links":{"self":[{"href":"https:\/\/www.unlockvenice.com\/fr\/wp-json\/wp\/v2\/posts\/3074","targetHints":{"allow":["GET"]}}],"collection":[{"href":"https:\/\/www.unlockvenice.com\/fr\/wp-json\/wp\/v2\/posts"}],"about":[{"href":"https:\/\/www.unlockvenice.com\/fr\/wp-json\/wp\/v2\/types\/post"}],"author":[{"embeddable":true,"href":"https:\/\/www.unlockvenice.com\/fr\/wp-json\/wp\/v2\/users\/1"}],"replies":[{"embeddable":true,"href":"https:\/\/www.unlockvenice.com\/fr\/wp-json\/wp\/v2\/comments?post=3074"}],"version-history":[{"count":1,"href":"https:\/\/www.unlockvenice.com\/fr\/wp-json\/wp\/v2\/posts\/3074\/revisions"}],"predecessor-version":[{"id":3076,"href":"https:\/\/www.unlockvenice.com\/fr\/wp-json\/wp\/v2\/posts\/3074\/revisions\/3076"}],"wp:featuredmedia":[{"embeddable":true,"href":"https:\/\/www.unlockvenice.com\/fr\/wp-json\/wp\/v2\/media\/351"}],"wp:attachment":[{"href":"https:\/\/www.unlockvenice.com\/fr\/wp-json\/wp\/v2\/media?parent=3074"}],"wp:term":[{"taxonomy":"category","embeddable":true,"href":"https:\/\/www.unlockvenice.com\/fr\/wp-json\/wp\/v2\/categories?post=3074"},{"taxonomy":"post_tag","embeddable":true,"href":"https:\/\/www.unlockvenice.com\/fr\/wp-json\/wp\/v2\/tags?post=3074"}],"curies":[{"name":"wp","href":"https:\/\/api.w.org\/{rel}","templated":true}]}}