{"id":2733,"date":"2026-08-24T11:00:00","date_gmt":"2026-08-24T09:00:00","guid":{"rendered":"https:\/\/www.unlockvenice.com\/?p=2733"},"modified":"2026-09-01T19:20:51","modified_gmt":"2026-09-01T17:20:51","slug":"kaiserliche-saele-correr-venedig-franzoesisch-oesterreichisch","status":"publish","type":"post","link":"https:\/\/www.unlockvenice.com\/de\/kaiserliche-saele-correr-venedig-franzoesisch-oesterreichisch\/","title":{"rendered":"Die Kaiserlichen S\u00e4le des Correr: als Venedig auch franz\u00f6sisch und \u00f6sterreichisch war"},"content":{"rendered":"<p>Die Kaiserlichen S\u00e4le des Museo Correr erz\u00e4hlen von einem Venedig, das in der Vorstellung oft an den Rand gedr\u00e4ngt wird: nicht nur Seerepublik, sondern auch eine Stadt, die durch Besatzungen, provisorische H\u00f6fe und neue Ideen der Repr\u00e4sentation ver\u00e4ndert wurde. Mit Blick auf den Markusplatz zeigen diese R\u00e4ume, wie das politische und st\u00e4dtische Herz der Stadt zwischen napoleonischer Zeit und \u00f6sterreichischer Herrschaft neu geschrieben wurde, zwischen Architektur, Einrichtung, Zeremoniell und dem allt\u00e4glichen Leben im Palast. Beim Besuch h\u00f6rt San Marco auf, nur eine monumentale Kulisse zu sein, und wird zu einem Ort, an dem sich Kontinuit\u00e4ten, Br\u00fcche und Anpassungen der venezianischen Geschichte lesen lassen.<\/p>\n<h2>Warum diese S\u00e4le die Erz\u00e4hlung vom Markusplatz ver\u00e4ndern<\/h2>\n<p>Die Kaiserlichen S\u00e4le des Correr zu betreten bedeutet, den Blick auf ein weniger gefeiertes Venedig zu richten: nicht nur Hauptstadt der Serenissima, sondern eine Stadt, die auch von fremden M\u00e4chten regiert, eingerichtet und repr\u00e4sentiert wurde. Nach dem Fall der Republik im Jahr 1797 wurde San Marco zum symbolischen Zentrum neuer Autorit\u00e4ten: zun\u00e4chst des napoleonischen Einflussbereichs, dann des habsburgischen.<\/p>\n<p>Die S\u00e4le geh\u00f6rten zum Komplex des K\u00f6niglichen Palastes, der zwischen den Procuratie Nuove und den zur Piazza hin ausgerichteten R\u00e4umen entstand. Hier wurde die republikanische Monumentalit\u00e4t in der Sprache eines Hofes neu gelesen: Vorzimmer, S\u00e4le, Wandbespannungen, Stuckaturen und M\u00f6bel erz\u00e4hlen nicht von Dogen und Magistraturen, sondern von Herrschern, Zeremoniell und diplomatischer Repr\u00e4sentation.<\/p>\n<p>Dieser \u00dcbergang ist entscheidend, um San Marco im 19. Jahrhundert zu verstehen. Der Platz war nicht nur venezianische Erinnerung: Er wurde zur imperialen Kulisse, zu einem Ort, an dem Napoleon und sp\u00e4ter die Habsburger versuchten, das alte politische Herz der Stadt in eine Residenz und ein Schaufenster ihrer Herrschaft zu verwandeln.<\/p>\n<h2>Das franz\u00f6sische Venedig: der Napoleonische Fl\u00fcgel und der neue Palast<\/h2>\n<p>Das sichtbarste Zeichen des franz\u00f6sischen Venedig im Correr ist der Napoleonische Fl\u00fcgel, der Bauk\u00f6rper, der den Markusplatz gegen\u00fcber der Basilika abschlie\u00dft. F\u00fcr seine Errichtung wurde die Kirche San Geminiano abgerissen, ein altes Geb\u00e4ude, das im 16. Jahrhundert von Jacopo Sansovino erneuert worden war: eine radikale Entscheidung, denn sie verwandelte den westlichen Rand des Platzes in eine Repr\u00e4sentationsfassade f\u00fcr die neue Macht.<\/p>\n<p>Das Projekt, das in napoleonischer Zeit begonnen und sp\u00e4ter unter den Habsburgern vollendet wurde, sollte dem K\u00f6niglichen Palast dienen, der mit den Procuratie Vecchie und Nuove verbunden war. Es war nicht nur eine Residenz: Es war eine zeremonielle Maschine. Die monumentale Treppe, die Abfolge offizieller R\u00e4ume, die neoklassizistischen Dekorationen und die Verwendung von Marmor, Stuck und antikisierenden Motiven schufen eine andere Sprache als jene der Republik.<\/p>\n<p>Hier wurde Venedig nach dem franz\u00f6sischen imperialen Geschmack neu gelesen: Ordnung, Symmetrie, Monumentalit\u00e4t. Der Markusplatz, einst Schauplatz der dogalen Souver\u00e4nit\u00e4t, wurde so auch zum Hintergrund eines modernen Hofes, der daf\u00fcr gedacht war, Herrscher, Beamte und Regierungsrituale zu empfangen.<\/p>\n<p><!-- AIEP_INLINE_IMAGE_SLOT:inline_1 --><\/p>\n<figure class=\"wp-block-image size-large aiep-inline-image\"><img decoding=\"async\" src=\"https:\/\/www.unlockvenice.com\/wp-content\/uploads\/2026\/07\/aiep-inline-1489-inline_1.png\" alt=\"Illustration zu Die Kaiserlichen S\u00e4le des Correr: als Venedig auch franz\u00f6sisch und \u00f6sterreichisch war\" \/><\/figure>\n<p>Mit dem Wiener Kongress von 1815 ging das ehemalige K\u00f6nigreich Italien an die Habsburger \u00fcber, und der K\u00f6nigliche Palast mit Blick auf das monumentale Herz der Stadt \u00e4nderte seine politische Funktion, ohne seinen zeremoniellen Charakter zu verlieren. Die heute als Kaiserliche S\u00e4le bekannten R\u00e4ume wurden an einen reisenden Hof angepasst: keine feste allt\u00e4gliche Residenz, sondern ein Apparat, der bereit war, den Kaiser, die Vizek\u00f6nige des Lombardo-Venetianischen K\u00f6nigreichs, W\u00fcrdentr\u00e4ger, Audienzen und Empf\u00e4nge aufzunehmen.<\/p>\n<p>Die Umwandlung l\u00f6schte die vorherige Pr\u00e4gung nicht vollst\u00e4ndig aus: Die neoklassizistische Disziplin blieb in den Proportionen, den dekorierten Decken und der geordneten Abfolge der R\u00e4ume lesbar. Die Habsburger f\u00fcgten jedoch einen st\u00e4rker dynastischen Ton hinzu, bestehend aus Wappen, repr\u00e4sentativen M\u00f6beln, kostbaren Wandbespannungen, Spiegeln und Wegen, die darauf ausgelegt waren, den Zugang zum Herrscher abzustufen. Jeder \u00dcbergang, vom Vorzimmer bis zu den zur\u00fcckgezogeneren R\u00e4umen, vermittelte Rang und Kontrolle.<\/p>\n<p>Diese Innenr\u00e4ume helfen, eine oft weniger erz\u00e4hlte Phase der Lagunengeschichte zu lesen: jene, in der die \u00f6sterreichische Regierung versuchte, sich in das lokale symbolische Gef\u00fcge einzuf\u00fcgen, indem sie ein Geb\u00e4ude nutzte, das bereits mit Macht aufgeladen war. Auch die Aufenthalte von Franz Joseph und Elisabeth von Bayern, der ber\u00fchmten Sisi, trugen dazu bei, das kaiserliche Gesicht des Correr in der Vorstellung zu verankern.<\/p>\n<h2>Wie man die kaiserlichen R\u00e4ume beim Besuch des Museo Correr liest<\/h2>\n<p>Um sich im Rundgang zu orientieren, empfiehlt es sich, die R\u00e4ume als ein Dokument in Schichten zu betrachten, nicht als eine einfache dekorative Abfolge. Die erste Ebene ist politisch: Adler, Kronen, dynastische Initialen und Allegorien sind keine neutralen Ornamente, sondern Zeichen von Souver\u00e4nit\u00e4t, die von verschiedenen Regierungen im selben Palast hinterlassen wurden.<\/p>\n<p>Die zweite Ebene ist funktional. Ein Raum, der f\u00fcr Audienzen oder Repr\u00e4sentation bestimmt ist, nutzt Perspektivachsen, Spiegel, Kronleuchter und M\u00f6bel, um Distanz zu schaffen; ein privaterer Raum verkleinert den Ma\u00dfstab und bevorzugt Stoffe, Boiserien, Kamine und h\u00e4usliche Details. Diese Unterschiede zu lesen hilft zu verstehen, wie die Macht in den Alltag des Hofes eintrat.<\/p>\n<p>Die dritte Ebene ist stilistisch: neoklassizistische Linien, Empire-Geschmack, Eingriffe des 19. Jahrhunderts und habsburgische Anpassungen bestehen nebeneinander, ohne sich vollst\u00e4ndig auszul\u00f6schen. W\u00e4hrend des Besuchs ist es hilfreich, Decken, B\u00f6den und W\u00e4nde vor den einzelnen Objekten zu vergleichen: Oft erz\u00e4hlen sie besser von der Verwandlung von einer napoleonischen Residenz zu einem \u00f6sterreichischen Zeremoniensitz. F\u00fcr aktuelle Rundg\u00e4nge, Zug\u00e4nge und Bedingungen ist es ratsam, die offiziellen Informationen des Museums zu pr\u00fcfen.<\/p>\n<p>Die Kaiserlichen S\u00e4le verdienen einen langsamen Blick, weil sie helfen, ein weniger vorhersehbares Venedig zu verstehen: eine Stadt, die nach dem Fall der Republik weiterhin ein symbolisches Zentrum ist, jedoch innerhalb anderer politischer Gleichgewichte. Der Napoleonische Fl\u00fcgel, die Hofr\u00e4ume und die Repr\u00e4sentationszimmer sind nicht einfach elegante Innenr\u00e4ume; sie sind materielle Spuren eines komplexen \u00dcbergangs, in dem Geschmack, Macht und Nutzung des st\u00e4dtischen Raums ineinandergreifen. Sie in den Besuch des Correr einzubeziehen bedeutet, die g\u00e4ngigere Lesart des Markusplatzes zu verlassen und zu beobachten, wie Venedig auch seine franz\u00f6sischen und \u00f6sterreichischen Zeiten aufgenommen, umgearbeitet und bewahrt hat.<\/p>\n","protected":false},"excerpt":{"rendered":"<p>Ein Rundgang durch die Kaiserlichen S\u00e4le des Museo Correr, um das napoleonische und habsburgische Venedig innerhalb des Markusplatzes zu lesen.<\/p>\n","protected":false},"author":1,"featured_media":1490,"comment_status":"open","ping_status":"open","sticky":false,"template":"","format":"standard","meta":{"footnotes":""},"categories":[74],"tags":[1671,924,1672,500,1673,1674],"class_list":["post-2733","post","type-post","status-publish","format-standard","has-post-thumbnail","hentry","category-arte-e-cultura","tag-asburgo-de","tag-museo-correr","tag-napoleone-de","tag-piazza-san-marco","tag-sale-imperiali-de","tag-venezia-ottocentesca-de"],"yoast_head":"<!-- This site is optimized with the Yoast SEO plugin v28.4 - https:\/\/yoast.com\/product\/yoast-seo-wordpress\/ -->\n<title>Die Kaiserlichen S\u00e4le des Correr: als Venedig auch franz\u00f6sisch und \u00f6sterreichisch war &#8212; Unlock Venice<\/title>\n<meta name=\"robots\" content=\"index, follow, max-snippet:-1, max-image-preview:large, max-video-preview:-1\" \/>\n<link rel=\"canonical\" href=\"https:\/\/www.unlockvenice.com\/de\/kaiserliche-saele-correr-venedig-franzoesisch-oesterreichisch\/\" \/>\n<meta property=\"og:locale\" content=\"de_DE\" \/>\n<meta property=\"og:type\" content=\"article\" \/>\n<meta property=\"og:title\" content=\"Die Kaiserlichen S\u00e4le des Correr: als Venedig auch franz\u00f6sisch und \u00f6sterreichisch war &#8212; Unlock Venice\" \/>\n<meta property=\"og:description\" content=\"Ein Rundgang durch die Kaiserlichen S\u00e4le des Museo Correr, um das napoleonische und habsburgische Venedig innerhalb des Markusplatzes zu lesen.\" \/>\n<meta property=\"og:url\" content=\"https:\/\/www.unlockvenice.com\/de\/kaiserliche-saele-correr-venedig-franzoesisch-oesterreichisch\/\" \/>\n<meta property=\"og:site_name\" content=\"Unlock Venice\" \/>\n<meta property=\"article:published_time\" content=\"2026-08-24T09:00:00+00:00\" \/>\n<meta property=\"article:modified_time\" content=\"2026-09-01T17:20:51+00:00\" \/>\n<meta property=\"og:image\" content=\"https:\/\/www.unlockvenice.com\/wp-content\/uploads\/2026\/07\/aiep-featured-1489.png\" \/>\n\t<meta property=\"og:image:width\" content=\"1536\" \/>\n\t<meta property=\"og:image:height\" content=\"1024\" \/>\n\t<meta property=\"og:image:type\" content=\"image\/png\" \/>\n<meta name=\"author\" content=\"Matteo Curr\u00f2\" \/>\n<meta name=\"twitter:card\" content=\"summary_large_image\" \/>\n<meta name=\"twitter:label1\" content=\"Verfasst von\" \/>\n\t<meta name=\"twitter:data1\" content=\"Matteo Curr\u00f2\" \/>\n\t<meta name=\"twitter:label2\" content=\"Gesch\u00e4tzte Lesezeit\" \/>\n\t<meta name=\"twitter:data2\" content=\"5\u00a0Minuten\" \/>\n<script type=\"application\/ld+json\" class=\"yoast-schema-graph\">{\"@context\":\"https:\\\/\\\/schema.org\",\"@graph\":[{\"@type\":\"Article\",\"@id\":\"https:\\\/\\\/www.unlockvenice.com\\\/de\\\/kaiserliche-saele-correr-venedig-franzoesisch-oesterreichisch\\\/#article\",\"isPartOf\":{\"@id\":\"https:\\\/\\\/www.unlockvenice.com\\\/de\\\/kaiserliche-saele-correr-venedig-franzoesisch-oesterreichisch\\\/\"},\"author\":{\"name\":\"Matteo Curr\u00f2\",\"@id\":\"https:\\\/\\\/www.unlockvenice.com\\\/de\\\/#\\\/schema\\\/person\\\/123bf2bab97e224370ddb9d83d8907cd\"},\"headline\":\"Die Kaiserlichen S\u00e4le des Correr: als Venedig auch franz\u00f6sisch und \u00f6sterreichisch war\",\"datePublished\":\"2026-08-24T09:00:00+00:00\",\"dateModified\":\"2026-09-01T17:20:51+00:00\",\"mainEntityOfPage\":{\"@id\":\"https:\\\/\\\/www.unlockvenice.com\\\/de\\\/kaiserliche-saele-correr-venedig-franzoesisch-oesterreichisch\\\/\"},\"wordCount\":1040,\"commentCount\":0,\"publisher\":{\"@id\":\"https:\\\/\\\/www.unlockvenice.com\\\/de\\\/#organization\"},\"image\":{\"@id\":\"https:\\\/\\\/www.unlockvenice.com\\\/de\\\/kaiserliche-saele-correr-venedig-franzoesisch-oesterreichisch\\\/#primaryimage\"},\"thumbnailUrl\":\"https:\\\/\\\/www.unlockvenice.com\\\/wp-content\\\/uploads\\\/2026\\\/07\\\/aiep-featured-1489.png\",\"keywords\":[\"Asburgo\",\"Museo Correr\",\"Napoleone\",\"Piazza San Marco\",\"Sale Imperiali\",\"Venezia ottocentesca\"],\"articleSection\":[\"Arte e cultura\"],\"inLanguage\":\"de\",\"potentialAction\":[{\"@type\":\"CommentAction\",\"name\":\"Comment\",\"target\":[\"https:\\\/\\\/www.unlockvenice.com\\\/de\\\/kaiserliche-saele-correr-venedig-franzoesisch-oesterreichisch\\\/#respond\"]}]},{\"@type\":\"WebPage\",\"@id\":\"https:\\\/\\\/www.unlockvenice.com\\\/de\\\/kaiserliche-saele-correr-venedig-franzoesisch-oesterreichisch\\\/\",\"url\":\"https:\\\/\\\/www.unlockvenice.com\\\/de\\\/kaiserliche-saele-correr-venedig-franzoesisch-oesterreichisch\\\/\",\"name\":\"Die Kaiserlichen S\u00e4le des Correr: als Venedig auch franz\u00f6sisch und \u00f6sterreichisch war &#8212; Unlock Venice\",\"isPartOf\":{\"@id\":\"https:\\\/\\\/www.unlockvenice.com\\\/de\\\/#website\"},\"primaryImageOfPage\":{\"@id\":\"https:\\\/\\\/www.unlockvenice.com\\\/de\\\/kaiserliche-saele-correr-venedig-franzoesisch-oesterreichisch\\\/#primaryimage\"},\"image\":{\"@id\":\"https:\\\/\\\/www.unlockvenice.com\\\/de\\\/kaiserliche-saele-correr-venedig-franzoesisch-oesterreichisch\\\/#primaryimage\"},\"thumbnailUrl\":\"https:\\\/\\\/www.unlockvenice.com\\\/wp-content\\\/uploads\\\/2026\\\/07\\\/aiep-featured-1489.png\",\"datePublished\":\"2026-08-24T09:00:00+00:00\",\"dateModified\":\"2026-09-01T17:20:51+00:00\",\"breadcrumb\":{\"@id\":\"https:\\\/\\\/www.unlockvenice.com\\\/de\\\/kaiserliche-saele-correr-venedig-franzoesisch-oesterreichisch\\\/#breadcrumb\"},\"inLanguage\":\"de\",\"potentialAction\":[{\"@type\":\"ReadAction\",\"target\":[\"https:\\\/\\\/www.unlockvenice.com\\\/de\\\/kaiserliche-saele-correr-venedig-franzoesisch-oesterreichisch\\\/\"]}]},{\"@type\":\"ImageObject\",\"inLanguage\":\"de\",\"@id\":\"https:\\\/\\\/www.unlockvenice.com\\\/de\\\/kaiserliche-saele-correr-venedig-franzoesisch-oesterreichisch\\\/#primaryimage\",\"url\":\"https:\\\/\\\/www.unlockvenice.com\\\/wp-content\\\/uploads\\\/2026\\\/07\\\/aiep-featured-1489.png\",\"contentUrl\":\"https:\\\/\\\/www.unlockvenice.com\\\/wp-content\\\/uploads\\\/2026\\\/07\\\/aiep-featured-1489.png\",\"width\":1536,\"height\":1024,\"caption\":\"Disegno minimale dell\u2019Ala Napoleonica e delle Sale Imperiali del Correr.\"},{\"@type\":\"BreadcrumbList\",\"@id\":\"https:\\\/\\\/www.unlockvenice.com\\\/de\\\/kaiserliche-saele-correr-venedig-franzoesisch-oesterreichisch\\\/#breadcrumb\",\"itemListElement\":[{\"@type\":\"ListItem\",\"position\":1,\"name\":\"Home\",\"item\":\"https:\\\/\\\/www.unlockvenice.com\\\/de\\\/\"},{\"@type\":\"ListItem\",\"position\":2,\"name\":\"Die Kaiserlichen S\u00e4le des Correr: als Venedig auch franz\u00f6sisch und \u00f6sterreichisch war\"}]},{\"@type\":\"WebSite\",\"@id\":\"https:\\\/\\\/www.unlockvenice.com\\\/de\\\/#website\",\"url\":\"https:\\\/\\\/www.unlockvenice.com\\\/de\\\/\",\"name\":\"Unlock Venice\",\"description\":\"Guida a Venezia e soggiorni a Mestre\",\"publisher\":{\"@id\":\"https:\\\/\\\/www.unlockvenice.com\\\/de\\\/#organization\"},\"alternateName\":\"Unlock Venice\",\"potentialAction\":[{\"@type\":\"SearchAction\",\"target\":{\"@type\":\"EntryPoint\",\"urlTemplate\":\"https:\\\/\\\/www.unlockvenice.com\\\/de\\\/?s={search_term_string}\"},\"query-input\":{\"@type\":\"PropertyValueSpecification\",\"valueRequired\":true,\"valueName\":\"search_term_string\"}}],\"inLanguage\":\"de\"},{\"@type\":\"Organization\",\"@id\":\"https:\\\/\\\/www.unlockvenice.com\\\/de\\\/#organization\",\"name\":\"Unlock Venice\",\"alternateName\":\"U-Venice\",\"url\":\"https:\\\/\\\/www.unlockvenice.com\\\/de\\\/\",\"logo\":{\"@type\":\"ImageObject\",\"inLanguage\":\"de\",\"@id\":\"https:\\\/\\\/www.unlockvenice.com\\\/de\\\/#\\\/schema\\\/logo\\\/image\\\/\",\"url\":\"https:\\\/\\\/www.unlockvenice.com\\\/wp-content\\\/uploads\\\/2026\\\/05\\\/unlock.png\",\"contentUrl\":\"https:\\\/\\\/www.unlockvenice.com\\\/wp-content\\\/uploads\\\/2026\\\/05\\\/unlock.png\",\"width\":1254,\"height\":1254,\"caption\":\"Unlock Venice\"},\"image\":{\"@id\":\"https:\\\/\\\/www.unlockvenice.com\\\/de\\\/#\\\/schema\\\/logo\\\/image\\\/\"}},{\"@type\":\"Person\",\"@id\":\"https:\\\/\\\/www.unlockvenice.com\\\/de\\\/#\\\/schema\\\/person\\\/123bf2bab97e224370ddb9d83d8907cd\",\"name\":\"Matteo Curr\u00f2\",\"image\":{\"@type\":\"ImageObject\",\"inLanguage\":\"de\",\"@id\":\"https:\\\/\\\/www.unlockvenice.com\\\/wp-content\\\/litespeed\\\/avatar\\\/38502b640cc8eeaabca113105dce2c86.jpg?ver=1788339049\",\"url\":\"https:\\\/\\\/www.unlockvenice.com\\\/wp-content\\\/litespeed\\\/avatar\\\/38502b640cc8eeaabca113105dce2c86.jpg?ver=1788339049\",\"contentUrl\":\"https:\\\/\\\/www.unlockvenice.com\\\/wp-content\\\/litespeed\\\/avatar\\\/38502b640cc8eeaabca113105dce2c86.jpg?ver=1788339049\",\"caption\":\"Matteo Curr\u00f2\"},\"sameAs\":[\"http:\\\/\\\/www.unlockvenice.com\"]}]}<\/script>\n<!-- \/ Yoast SEO plugin. -->","yoast_head_json":{"title":"Die Kaiserlichen S\u00e4le des Correr: als Venedig auch franz\u00f6sisch und \u00f6sterreichisch war &#8212; Unlock Venice","robots":{"index":"index","follow":"follow","max-snippet":"max-snippet:-1","max-image-preview":"max-image-preview:large","max-video-preview":"max-video-preview:-1"},"canonical":"https:\/\/www.unlockvenice.com\/de\/kaiserliche-saele-correr-venedig-franzoesisch-oesterreichisch\/","og_locale":"de_DE","og_type":"article","og_title":"Die Kaiserlichen S\u00e4le des Correr: als Venedig auch franz\u00f6sisch und \u00f6sterreichisch war &#8212; Unlock Venice","og_description":"Ein Rundgang durch die Kaiserlichen S\u00e4le des Museo Correr, um das napoleonische und habsburgische Venedig innerhalb des Markusplatzes zu lesen.","og_url":"https:\/\/www.unlockvenice.com\/de\/kaiserliche-saele-correr-venedig-franzoesisch-oesterreichisch\/","og_site_name":"Unlock Venice","article_published_time":"2026-08-24T09:00:00+00:00","article_modified_time":"2026-09-01T17:20:51+00:00","og_image":[{"width":1536,"height":1024,"url":"https:\/\/www.unlockvenice.com\/wp-content\/uploads\/2026\/07\/aiep-featured-1489.png","type":"image\/png"}],"author":"Matteo Curr\u00f2","twitter_card":"summary_large_image","twitter_misc":{"Verfasst von":"Matteo Curr\u00f2","Gesch\u00e4tzte Lesezeit":"5\u00a0Minuten"},"schema":{"@context":"https:\/\/schema.org","@graph":[{"@type":"Article","@id":"https:\/\/www.unlockvenice.com\/de\/kaiserliche-saele-correr-venedig-franzoesisch-oesterreichisch\/#article","isPartOf":{"@id":"https:\/\/www.unlockvenice.com\/de\/kaiserliche-saele-correr-venedig-franzoesisch-oesterreichisch\/"},"author":{"name":"Matteo Curr\u00f2","@id":"https:\/\/www.unlockvenice.com\/de\/#\/schema\/person\/123bf2bab97e224370ddb9d83d8907cd"},"headline":"Die Kaiserlichen S\u00e4le des Correr: als Venedig auch franz\u00f6sisch und \u00f6sterreichisch war","datePublished":"2026-08-24T09:00:00+00:00","dateModified":"2026-09-01T17:20:51+00:00","mainEntityOfPage":{"@id":"https:\/\/www.unlockvenice.com\/de\/kaiserliche-saele-correr-venedig-franzoesisch-oesterreichisch\/"},"wordCount":1040,"commentCount":0,"publisher":{"@id":"https:\/\/www.unlockvenice.com\/de\/#organization"},"image":{"@id":"https:\/\/www.unlockvenice.com\/de\/kaiserliche-saele-correr-venedig-franzoesisch-oesterreichisch\/#primaryimage"},"thumbnailUrl":"https:\/\/www.unlockvenice.com\/wp-content\/uploads\/2026\/07\/aiep-featured-1489.png","keywords":["Asburgo","Museo Correr","Napoleone","Piazza San Marco","Sale Imperiali","Venezia ottocentesca"],"articleSection":["Arte e cultura"],"inLanguage":"de","potentialAction":[{"@type":"CommentAction","name":"Comment","target":["https:\/\/www.unlockvenice.com\/de\/kaiserliche-saele-correr-venedig-franzoesisch-oesterreichisch\/#respond"]}]},{"@type":"WebPage","@id":"https:\/\/www.unlockvenice.com\/de\/kaiserliche-saele-correr-venedig-franzoesisch-oesterreichisch\/","url":"https:\/\/www.unlockvenice.com\/de\/kaiserliche-saele-correr-venedig-franzoesisch-oesterreichisch\/","name":"Die Kaiserlichen S\u00e4le des Correr: als Venedig auch franz\u00f6sisch und \u00f6sterreichisch war &#8212; Unlock Venice","isPartOf":{"@id":"https:\/\/www.unlockvenice.com\/de\/#website"},"primaryImageOfPage":{"@id":"https:\/\/www.unlockvenice.com\/de\/kaiserliche-saele-correr-venedig-franzoesisch-oesterreichisch\/#primaryimage"},"image":{"@id":"https:\/\/www.unlockvenice.com\/de\/kaiserliche-saele-correr-venedig-franzoesisch-oesterreichisch\/#primaryimage"},"thumbnailUrl":"https:\/\/www.unlockvenice.com\/wp-content\/uploads\/2026\/07\/aiep-featured-1489.png","datePublished":"2026-08-24T09:00:00+00:00","dateModified":"2026-09-01T17:20:51+00:00","breadcrumb":{"@id":"https:\/\/www.unlockvenice.com\/de\/kaiserliche-saele-correr-venedig-franzoesisch-oesterreichisch\/#breadcrumb"},"inLanguage":"de","potentialAction":[{"@type":"ReadAction","target":["https:\/\/www.unlockvenice.com\/de\/kaiserliche-saele-correr-venedig-franzoesisch-oesterreichisch\/"]}]},{"@type":"ImageObject","inLanguage":"de","@id":"https:\/\/www.unlockvenice.com\/de\/kaiserliche-saele-correr-venedig-franzoesisch-oesterreichisch\/#primaryimage","url":"https:\/\/www.unlockvenice.com\/wp-content\/uploads\/2026\/07\/aiep-featured-1489.png","contentUrl":"https:\/\/www.unlockvenice.com\/wp-content\/uploads\/2026\/07\/aiep-featured-1489.png","width":1536,"height":1024,"caption":"Disegno minimale dell\u2019Ala Napoleonica e delle Sale Imperiali del Correr."},{"@type":"BreadcrumbList","@id":"https:\/\/www.unlockvenice.com\/de\/kaiserliche-saele-correr-venedig-franzoesisch-oesterreichisch\/#breadcrumb","itemListElement":[{"@type":"ListItem","position":1,"name":"Home","item":"https:\/\/www.unlockvenice.com\/de\/"},{"@type":"ListItem","position":2,"name":"Die Kaiserlichen S\u00e4le des Correr: als Venedig auch franz\u00f6sisch und \u00f6sterreichisch war"}]},{"@type":"WebSite","@id":"https:\/\/www.unlockvenice.com\/de\/#website","url":"https:\/\/www.unlockvenice.com\/de\/","name":"Unlock Venice","description":"Guida a Venezia e soggiorni a Mestre","publisher":{"@id":"https:\/\/www.unlockvenice.com\/de\/#organization"},"alternateName":"Unlock Venice","potentialAction":[{"@type":"SearchAction","target":{"@type":"EntryPoint","urlTemplate":"https:\/\/www.unlockvenice.com\/de\/?s={search_term_string}"},"query-input":{"@type":"PropertyValueSpecification","valueRequired":true,"valueName":"search_term_string"}}],"inLanguage":"de"},{"@type":"Organization","@id":"https:\/\/www.unlockvenice.com\/de\/#organization","name":"Unlock Venice","alternateName":"U-Venice","url":"https:\/\/www.unlockvenice.com\/de\/","logo":{"@type":"ImageObject","inLanguage":"de","@id":"https:\/\/www.unlockvenice.com\/de\/#\/schema\/logo\/image\/","url":"https:\/\/www.unlockvenice.com\/wp-content\/uploads\/2026\/05\/unlock.png","contentUrl":"https:\/\/www.unlockvenice.com\/wp-content\/uploads\/2026\/05\/unlock.png","width":1254,"height":1254,"caption":"Unlock Venice"},"image":{"@id":"https:\/\/www.unlockvenice.com\/de\/#\/schema\/logo\/image\/"}},{"@type":"Person","@id":"https:\/\/www.unlockvenice.com\/de\/#\/schema\/person\/123bf2bab97e224370ddb9d83d8907cd","name":"Matteo Curr\u00f2","image":{"@type":"ImageObject","inLanguage":"de","@id":"https:\/\/www.unlockvenice.com\/wp-content\/litespeed\/avatar\/38502b640cc8eeaabca113105dce2c86.jpg?ver=1788339049","url":"https:\/\/www.unlockvenice.com\/wp-content\/litespeed\/avatar\/38502b640cc8eeaabca113105dce2c86.jpg?ver=1788339049","contentUrl":"https:\/\/www.unlockvenice.com\/wp-content\/litespeed\/avatar\/38502b640cc8eeaabca113105dce2c86.jpg?ver=1788339049","caption":"Matteo Curr\u00f2"},"sameAs":["http:\/\/www.unlockvenice.com"]}]}},"_links":{"self":[{"href":"https:\/\/www.unlockvenice.com\/de\/wp-json\/wp\/v2\/posts\/2733","targetHints":{"allow":["GET"]}}],"collection":[{"href":"https:\/\/www.unlockvenice.com\/de\/wp-json\/wp\/v2\/posts"}],"about":[{"href":"https:\/\/www.unlockvenice.com\/de\/wp-json\/wp\/v2\/types\/post"}],"author":[{"embeddable":true,"href":"https:\/\/www.unlockvenice.com\/de\/wp-json\/wp\/v2\/users\/1"}],"replies":[{"embeddable":true,"href":"https:\/\/www.unlockvenice.com\/de\/wp-json\/wp\/v2\/comments?post=2733"}],"version-history":[{"count":1,"href":"https:\/\/www.unlockvenice.com\/de\/wp-json\/wp\/v2\/posts\/2733\/revisions"}],"predecessor-version":[{"id":2735,"href":"https:\/\/www.unlockvenice.com\/de\/wp-json\/wp\/v2\/posts\/2733\/revisions\/2735"}],"wp:featuredmedia":[{"embeddable":true,"href":"https:\/\/www.unlockvenice.com\/de\/wp-json\/wp\/v2\/media\/1490"}],"wp:attachment":[{"href":"https:\/\/www.unlockvenice.com\/de\/wp-json\/wp\/v2\/media?parent=2733"}],"wp:term":[{"taxonomy":"category","embeddable":true,"href":"https:\/\/www.unlockvenice.com\/de\/wp-json\/wp\/v2\/categories?post=2733"},{"taxonomy":"post_tag","embeddable":true,"href":"https:\/\/www.unlockvenice.com\/de\/wp-json\/wp\/v2\/tags?post=2733"}],"curies":[{"name":"wp","href":"https:\/\/api.w.org\/{rel}","templated":true}]}}