{"id":2676,"date":"2026-08-18T09:00:00","date_gmt":"2026-08-18T07:00:00","guid":{"rendered":"https:\/\/www.unlockvenice.com\/?p=2676"},"modified":"2026-09-01T19:13:05","modified_gmt":"2026-09-01T17:13:05","slug":"serra-dei-giardini-venedig-biennale","status":"publish","type":"post","link":"https:\/\/www.unlockvenice.com\/de\/serra-dei-giardini-venedig-biennale\/","title":{"rendered":"Die Serra dei Giardini: Glas, Pflanzen und Biennale noch vor den nationalen Pavillons"},"content":{"rendered":"<p>Die Serra dei Giardini ist eines jener Geb\u00e4ude, die man fast seitlich wahrnimmt, zwischen einer baumbestandenen Allee und dem Warten darauf, das Gel\u00e4nde der Biennale zu betreten. Und doch erz\u00e4hlt ihre Pr\u00e4senz einen wesentlichen Teil der Stadtgeschichte Venedigs: die Beziehung zwischen \u00f6ffentlichem Gr\u00fcn, leichter Architektur, Pflanzenpflege und der Verwandlung der Giardini, bevor sie zum internationalen System der nationalen Pavillons wurden. Sie aufmerksam zu betrachten bedeutet, ein weniger monumentales, aber sehr konkretes Fragment der Stadt zu lesen, gemacht aus Glas, Eisen, t\u00e4glicher Arbeit und kulturellen Ver\u00e4nderungen.<\/p>\n<h2>Ein kleines Geb\u00e4ude in der gro\u00dfen Geschichte der Giardini<\/h2>\n<p>Die Serra dei Giardini muss zun\u00e4chst innerhalb der Verwandlung von Castello gelesen werden. Hier, am \u00f6stlichen Ende Venedigs, entstanden die Giardini in napoleonischer Zeit als moderner \u00f6ffentlicher Raum, gewonnen aus einem Gebiet, das bis dahin von religi\u00f6sen Ansiedlungen, Gem\u00fcseg\u00e4rten und st\u00e4dtischen R\u00e4ndern besetzt war. Sie waren noch nicht das \u201eViertel\u201c der Biennale: Sie waren ein gro\u00dfer Eingriff von Ordnung, Gr\u00fcn und Spaziergang in einer \u00e4u\u00dferst dicht bebauten Stadt.<\/p>\n<p>Die kleine Architektur aus Eisen und Glas, auch als Serra Margherita bekannt und Ende des 19. Jahrhunderts erbaut, geh\u00f6rt zu dieser materiellen Geschichte des Gr\u00fcns. Sie diente der Pflege und Unterbringung von Zierpflanzen, insbesondere jener, die dazu bestimmt waren, die Alleen und Ausstellungsr\u00e4ume zu versch\u00f6nern. Ihr kleiner Ma\u00dfstab steht im Kontrast zum symbolischen Gewicht der Giardini, offenbart aber deren allt\u00e4gliches Funktionieren.<\/p>\n<p>Als die Biennale 1895 begann, war der Mittelpunkt der Palazzo dell\u2019Esposizione; die nationalen Pavillons sollten sp\u00e4ter folgen, ab dem fr\u00fchen 20. Jahrhundert. Die Serra erinnert also an eine Biennale, die noch mit G\u00e4rtnern, Blumenbeeten, Akklimatisierung und pflanzlicher Szenografie verbunden war.<\/p>\n<p>Die Serra dei Giardini entsteht nicht als blo\u00dfer Schmuck, sondern als klimatische Maschine. Im Gef\u00fcge der Giardini von Castello bestand ihre Aufgabe darin, w\u00e4hrend der kalten Monate die empfindlichsten Pflanzen zu sch\u00fctzen: Palmen, Zitruspflanzen in T\u00f6pfen, dekorative Arten, die verwendet wurden, um Blumenbeete und gr\u00fcne Kulissen entlang der Wege der Ausstellung zu gestalten. Bevor sich die Biennale mit nationalen Architekturen und Kunstr\u00e4umen identifizierte, trug auch die Pflege des Gr\u00fcns zu ihrem \u00f6ffentlichen Bild bei.<\/p>\n<p>Die Form erz\u00e4hlt von dieser Funktion. Das Eisen erm\u00f6glicht eine leichte Struktur, die sich in regelm\u00e4\u00dfigen Jochen wiederholt; das Glas l\u00e4sst Licht eintreten und verwandelt die W\u00e4nde in fast entmaterialisierte Fl\u00e4chen. Es ist keine \u201emonumentale\u201c Fassade im Sinne der Pavillons, sondern ein technisches Geb\u00e4ude, das durch Transparenz, den Rhythmus der Pfosten und das geneigte Dach, das darauf ausgelegt ist, Strahlung einzufangen und weniger W\u00e4rme zu verlieren, elegant wird.<\/p>\n<p>Sie so zu lesen bedeutet, eine Dienstarchitektur zu sehen, die jedoch ein ausgesprochen modernes Thema vorwegnimmt: die Beziehung zwischen Ausstellung, gebauter Umwelt und pflanzlicher Landschaft.<\/p>\n<p><!-- AIEP_INLINE_IMAGE_SLOT:inline_1 --><\/p>\n<figure class=\"wp-block-image size-large aiep-inline-image\"><img decoding=\"async\" src=\"https:\/\/www.unlockvenice.com\/wp-content\/uploads\/2026\/07\/aiep-inline-1365-inline_1.png\" alt=\"Illustration zur Serra dei Giardini: Glas, Pflanzen und Biennale noch vor den nationalen Pavillons\" \/><\/figure>\n<h2>Vor den nationalen Pavillons: die Verbindung zur Biennale<\/h2>\n<p>Die Pr\u00e4senz des verglasten Geb\u00e4udes muss innerhalb einer pr\u00e4zisen Chronologie gelesen werden. Die Internationale Kunstausstellung von Venedig entsteht 1895 im Gebiet von Castello, doch die Zeit der nationalen Pavillons wird sp\u00e4ter kommen: Belgien er\u00f6ffnet seinen eigenen 1907, gefolgt in den folgenden Jahren von weiteren ausl\u00e4ndischen Vertretungen. Vor dieser Wende war der Ort noch keine Abfolge nationaler \u201eH\u00e4user\u201c der Kunst, sondern ein einheitliches Ausstellungsgel\u00e4nde, organisiert um den Palazzo dell\u2019Esposizione und die f\u00fcr das Leben des Parks notwendigen Dienstleistungen.<\/p>\n<p>In diesem Szenario geh\u00f6rt die Serra zur vorbereitenden und infrastrukturellen Phase der Schau. Sie stellte keine Werke aus, sondern erm\u00f6glichte die pflanzliche Gestaltung, die Pflege der Blumenbeete und das geordnete Bild des \u00f6ffentlichen Rundgangs. Ihre Verbindung mit der Veranstaltung ist daher nicht die eines Pavillons, sondern die einer unterst\u00fctzenden Maschine: ein technisches Element, das dazu beitrug, die Atmosph\u00e4re des ersten gro\u00dfen internationalen venezianischen Termins zu schaffen.<\/p>\n<p>Diese Vorrangigkeit zu verstehen ver\u00e4ndert den Blick. Bevor die Nationen erkennbare und dauerhafte Architekturen entwarfen, war die Beziehung zwischen Kunst, Spaziergang und Landschaft bereits kleineren Strukturen anvertraut, die oft als nebens\u00e4chlich betrachtet wurden. Gerade dort erkennt man die urspr\u00fcngliche Matrix der Giardini: nicht nur Ausstellungsbeh\u00e4lter, sondern eine gestaltete Umgebung.<\/p>\n<h2>Wie man sie heute bei einem langsamen Spaziergang liest<\/h2>\n<p>Um sie zu verstehen, ohne den Besuch in eine Lektion zu verwandeln, empfiehlt es sich, sich vom st\u00e4dtischen Rand von Castello zu n\u00e4hern: Hier erscheint das verglaste Bauwerk nicht isoliert, sondern als Schwelle zwischen dem allt\u00e4glichen Spaziergang, dem historischen Gr\u00fcn und der Ausstellungsmaschine der Biennale. Vor dem Sockel stehenzubleiben hilft, seine urspr\u00fcngliche Funktion zu lesen: kein feierliches Denkmal, sondern eine raffinierte Dienstarchitektur, gedacht, um Pflanzen zu sch\u00fctzen, empfindliche Arten zu akklimatisieren und der Ausstellung von 1895 pflanzliche Apparate zu liefern.<\/p>\n<ul>\n<li><strong>Nach unten schauen:<\/strong> Das Verh\u00e4ltnis zwischen Mauerwerk und Transparenz offenbart eine technische Konstruktion, nicht nur eine szenografische.<\/li>\n<li><strong>Hindurchschauen:<\/strong> Das Glas macht die Idee eines kontrollierten Klimas sichtbar, grundlegend f\u00fcr die Gartenkunst des 19. Jahrhunderts.<\/li>\n<li><strong>Umherschauen:<\/strong> Alleen, Wasser und Baumbestand erkl\u00e4ren, warum die venezianische Kunst auch aus einem Landschaftsprojekt hervorging.<\/li>\n<\/ul>\n<p>F\u00fcr eventuelle Zug\u00e4nge oder Aktivit\u00e4ten im Inneren ist es ratsam, stets die aktualisierten Informationen zu \u00fcberpr\u00fcfen.<\/p>\n<p>Vor der Serra dei Giardini stehenzubleiben hilft, den Blick auf ein Gebiet zu verlangsamen, das oft mit dem Ziel durchquert wird, Ausstellungen und Pavillons zu erreichen. Ihr begrenzter Ma\u00dfstab, die Transparenz des Glases und die botanische Erinnerung erinnern daran, dass die Giardini nicht nur ein Ort der zeitgen\u00f6ssischen Kunst sind, sondern auch eine im Laufe der Zeit gebaute Landschaft, in der sich praktische Funktionen und kulturelle Ambitionen \u00fcberlagert haben. Bei einem langsamen Spaziergang wird die Serra so zu einem kleinen Leseschl\u00fcssel: diskret, pr\u00e4zise, f\u00e4hig, Venedig mit seiner modernen Geschichte zu verbinden.<\/p>\n","protected":false},"excerpt":{"rendered":"<p>Geschichte und Betrachtung der Serra dei Giardini, zwischen Glasarchitektur, Pflanzen und der Entstehung der Biennale.<\/p>\n","protected":false},"author":1,"featured_media":1366,"comment_status":"open","ping_status":"open","sticky":false,"template":"","format":"standard","meta":{"footnotes":""},"categories":[74],"tags":[1635,1636,64,1637,1638,10],"class_list":["post-2676","post","type-post","status-publish","format-standard","has-post-thumbnail","hentry","category-arte-e-cultura","tag-architettura-in-vetro-de","tag-biennale-venezia-de","tag-castello","tag-giardini-de","tag-serra-dei-giardini-de","tag-venezia"],"yoast_head":"<!-- This site is optimized with the Yoast SEO plugin v28.4 - https:\/\/yoast.com\/product\/yoast-seo-wordpress\/ -->\n<title>Die Serra dei Giardini: Glas, Pflanzen und Biennale noch vor den nationalen Pavillons &#8212; Unlock Venice<\/title>\n<meta name=\"robots\" content=\"index, follow, max-snippet:-1, max-image-preview:large, max-video-preview:-1\" \/>\n<link rel=\"canonical\" href=\"https:\/\/www.unlockvenice.com\/de\/serra-dei-giardini-venedig-biennale\/\" \/>\n<meta property=\"og:locale\" content=\"de_DE\" \/>\n<meta property=\"og:type\" content=\"article\" \/>\n<meta property=\"og:title\" content=\"Die Serra dei Giardini: Glas, Pflanzen und Biennale noch vor den nationalen Pavillons &#8212; Unlock Venice\" \/>\n<meta property=\"og:description\" content=\"Geschichte und Betrachtung der Serra dei Giardini, zwischen Glasarchitektur, Pflanzen und der Entstehung der Biennale.\" \/>\n<meta property=\"og:url\" content=\"https:\/\/www.unlockvenice.com\/de\/serra-dei-giardini-venedig-biennale\/\" \/>\n<meta property=\"og:site_name\" content=\"Unlock Venice\" \/>\n<meta property=\"article:published_time\" content=\"2026-08-18T07:00:00+00:00\" \/>\n<meta property=\"article:modified_time\" content=\"2026-09-01T17:13:05+00:00\" \/>\n<meta property=\"og:image\" content=\"https:\/\/www.unlockvenice.com\/wp-content\/uploads\/2026\/07\/aiep-featured-1365.png\" \/>\n\t<meta property=\"og:image:width\" content=\"1536\" \/>\n\t<meta property=\"og:image:height\" content=\"1024\" \/>\n\t<meta property=\"og:image:type\" content=\"image\/png\" \/>\n<meta name=\"author\" content=\"Matteo Curr\u00f2\" \/>\n<meta name=\"twitter:card\" content=\"summary_large_image\" \/>\n<meta name=\"twitter:label1\" content=\"Verfasst von\" \/>\n\t<meta name=\"twitter:data1\" content=\"Matteo Curr\u00f2\" \/>\n\t<meta name=\"twitter:label2\" content=\"Gesch\u00e4tzte Lesezeit\" \/>\n\t<meta name=\"twitter:data2\" content=\"5\u00a0Minuten\" \/>\n<script type=\"application\/ld+json\" class=\"yoast-schema-graph\">{\"@context\":\"https:\\\/\\\/schema.org\",\"@graph\":[{\"@type\":\"Article\",\"@id\":\"https:\\\/\\\/www.unlockvenice.com\\\/de\\\/serra-dei-giardini-venedig-biennale\\\/#article\",\"isPartOf\":{\"@id\":\"https:\\\/\\\/www.unlockvenice.com\\\/de\\\/serra-dei-giardini-venedig-biennale\\\/\"},\"author\":{\"name\":\"Matteo Curr\u00f2\",\"@id\":\"https:\\\/\\\/www.unlockvenice.com\\\/de\\\/#\\\/schema\\\/person\\\/123bf2bab97e224370ddb9d83d8907cd\"},\"headline\":\"Die Serra dei Giardini: Glas, Pflanzen und Biennale noch vor den nationalen Pavillons\",\"datePublished\":\"2026-08-18T07:00:00+00:00\",\"dateModified\":\"2026-09-01T17:13:05+00:00\",\"mainEntityOfPage\":{\"@id\":\"https:\\\/\\\/www.unlockvenice.com\\\/de\\\/serra-dei-giardini-venedig-biennale\\\/\"},\"wordCount\":962,\"commentCount\":0,\"publisher\":{\"@id\":\"https:\\\/\\\/www.unlockvenice.com\\\/de\\\/#organization\"},\"image\":{\"@id\":\"https:\\\/\\\/www.unlockvenice.com\\\/de\\\/serra-dei-giardini-venedig-biennale\\\/#primaryimage\"},\"thumbnailUrl\":\"https:\\\/\\\/www.unlockvenice.com\\\/wp-content\\\/uploads\\\/2026\\\/07\\\/aiep-featured-1365.png\",\"keywords\":[\"architettura in vetro\",\"Biennale Venezia\",\"Castello\",\"Giardini\",\"Serra dei Giardini\",\"Venezia\"],\"articleSection\":[\"Arte e cultura\"],\"inLanguage\":\"de\",\"potentialAction\":[{\"@type\":\"CommentAction\",\"name\":\"Comment\",\"target\":[\"https:\\\/\\\/www.unlockvenice.com\\\/de\\\/serra-dei-giardini-venedig-biennale\\\/#respond\"]}]},{\"@type\":\"WebPage\",\"@id\":\"https:\\\/\\\/www.unlockvenice.com\\\/de\\\/serra-dei-giardini-venedig-biennale\\\/\",\"url\":\"https:\\\/\\\/www.unlockvenice.com\\\/de\\\/serra-dei-giardini-venedig-biennale\\\/\",\"name\":\"Die Serra dei Giardini: Glas, Pflanzen und Biennale noch vor den nationalen Pavillons &#8212; Unlock Venice\",\"isPartOf\":{\"@id\":\"https:\\\/\\\/www.unlockvenice.com\\\/de\\\/#website\"},\"primaryImageOfPage\":{\"@id\":\"https:\\\/\\\/www.unlockvenice.com\\\/de\\\/serra-dei-giardini-venedig-biennale\\\/#primaryimage\"},\"image\":{\"@id\":\"https:\\\/\\\/www.unlockvenice.com\\\/de\\\/serra-dei-giardini-venedig-biennale\\\/#primaryimage\"},\"thumbnailUrl\":\"https:\\\/\\\/www.unlockvenice.com\\\/wp-content\\\/uploads\\\/2026\\\/07\\\/aiep-featured-1365.png\",\"datePublished\":\"2026-08-18T07:00:00+00:00\",\"dateModified\":\"2026-09-01T17:13:05+00:00\",\"breadcrumb\":{\"@id\":\"https:\\\/\\\/www.unlockvenice.com\\\/de\\\/serra-dei-giardini-venedig-biennale\\\/#breadcrumb\"},\"inLanguage\":\"de\",\"potentialAction\":[{\"@type\":\"ReadAction\",\"target\":[\"https:\\\/\\\/www.unlockvenice.com\\\/de\\\/serra-dei-giardini-venedig-biennale\\\/\"]}]},{\"@type\":\"ImageObject\",\"inLanguage\":\"de\",\"@id\":\"https:\\\/\\\/www.unlockvenice.com\\\/de\\\/serra-dei-giardini-venedig-biennale\\\/#primaryimage\",\"url\":\"https:\\\/\\\/www.unlockvenice.com\\\/wp-content\\\/uploads\\\/2026\\\/07\\\/aiep-featured-1365.png\",\"contentUrl\":\"https:\\\/\\\/www.unlockvenice.com\\\/wp-content\\\/uploads\\\/2026\\\/07\\\/aiep-featured-1365.png\",\"width\":1536,\"height\":1024,\"caption\":\"Serra dei Giardini stilizzata con vetro, ferro e piante.\"},{\"@type\":\"BreadcrumbList\",\"@id\":\"https:\\\/\\\/www.unlockvenice.com\\\/de\\\/serra-dei-giardini-venedig-biennale\\\/#breadcrumb\",\"itemListElement\":[{\"@type\":\"ListItem\",\"position\":1,\"name\":\"Home\",\"item\":\"https:\\\/\\\/www.unlockvenice.com\\\/de\\\/\"},{\"@type\":\"ListItem\",\"position\":2,\"name\":\"Die Serra dei Giardini: Glas, Pflanzen und Biennale noch vor den nationalen Pavillons\"}]},{\"@type\":\"WebSite\",\"@id\":\"https:\\\/\\\/www.unlockvenice.com\\\/de\\\/#website\",\"url\":\"https:\\\/\\\/www.unlockvenice.com\\\/de\\\/\",\"name\":\"Unlock Venice\",\"description\":\"Guida a Venezia e soggiorni a Mestre\",\"publisher\":{\"@id\":\"https:\\\/\\\/www.unlockvenice.com\\\/de\\\/#organization\"},\"alternateName\":\"Unlock Venice\",\"potentialAction\":[{\"@type\":\"SearchAction\",\"target\":{\"@type\":\"EntryPoint\",\"urlTemplate\":\"https:\\\/\\\/www.unlockvenice.com\\\/de\\\/?s={search_term_string}\"},\"query-input\":{\"@type\":\"PropertyValueSpecification\",\"valueRequired\":true,\"valueName\":\"search_term_string\"}}],\"inLanguage\":\"de\"},{\"@type\":\"Organization\",\"@id\":\"https:\\\/\\\/www.unlockvenice.com\\\/de\\\/#organization\",\"name\":\"Unlock Venice\",\"alternateName\":\"U-Venice\",\"url\":\"https:\\\/\\\/www.unlockvenice.com\\\/de\\\/\",\"logo\":{\"@type\":\"ImageObject\",\"inLanguage\":\"de\",\"@id\":\"https:\\\/\\\/www.unlockvenice.com\\\/de\\\/#\\\/schema\\\/logo\\\/image\\\/\",\"url\":\"https:\\\/\\\/www.unlockvenice.com\\\/wp-content\\\/uploads\\\/2026\\\/05\\\/unlock.png\",\"contentUrl\":\"https:\\\/\\\/www.unlockvenice.com\\\/wp-content\\\/uploads\\\/2026\\\/05\\\/unlock.png\",\"width\":1254,\"height\":1254,\"caption\":\"Unlock Venice\"},\"image\":{\"@id\":\"https:\\\/\\\/www.unlockvenice.com\\\/de\\\/#\\\/schema\\\/logo\\\/image\\\/\"}},{\"@type\":\"Person\",\"@id\":\"https:\\\/\\\/www.unlockvenice.com\\\/de\\\/#\\\/schema\\\/person\\\/123bf2bab97e224370ddb9d83d8907cd\",\"name\":\"Matteo Curr\u00f2\",\"image\":{\"@type\":\"ImageObject\",\"inLanguage\":\"de\",\"@id\":\"https:\\\/\\\/www.unlockvenice.com\\\/wp-content\\\/litespeed\\\/avatar\\\/38502b640cc8eeaabca113105dce2c86.jpg?ver=1788339049\",\"url\":\"https:\\\/\\\/www.unlockvenice.com\\\/wp-content\\\/litespeed\\\/avatar\\\/38502b640cc8eeaabca113105dce2c86.jpg?ver=1788339049\",\"contentUrl\":\"https:\\\/\\\/www.unlockvenice.com\\\/wp-content\\\/litespeed\\\/avatar\\\/38502b640cc8eeaabca113105dce2c86.jpg?ver=1788339049\",\"caption\":\"Matteo Curr\u00f2\"},\"sameAs\":[\"http:\\\/\\\/www.unlockvenice.com\"]}]}<\/script>\n<!-- \/ Yoast SEO plugin. -->","yoast_head_json":{"title":"Die Serra dei Giardini: Glas, Pflanzen und Biennale noch vor den nationalen Pavillons &#8212; Unlock Venice","robots":{"index":"index","follow":"follow","max-snippet":"max-snippet:-1","max-image-preview":"max-image-preview:large","max-video-preview":"max-video-preview:-1"},"canonical":"https:\/\/www.unlockvenice.com\/de\/serra-dei-giardini-venedig-biennale\/","og_locale":"de_DE","og_type":"article","og_title":"Die Serra dei Giardini: Glas, Pflanzen und Biennale noch vor den nationalen Pavillons &#8212; Unlock Venice","og_description":"Geschichte und Betrachtung der Serra dei Giardini, zwischen Glasarchitektur, Pflanzen und der Entstehung der Biennale.","og_url":"https:\/\/www.unlockvenice.com\/de\/serra-dei-giardini-venedig-biennale\/","og_site_name":"Unlock Venice","article_published_time":"2026-08-18T07:00:00+00:00","article_modified_time":"2026-09-01T17:13:05+00:00","og_image":[{"width":1536,"height":1024,"url":"https:\/\/www.unlockvenice.com\/wp-content\/uploads\/2026\/07\/aiep-featured-1365.png","type":"image\/png"}],"author":"Matteo Curr\u00f2","twitter_card":"summary_large_image","twitter_misc":{"Verfasst von":"Matteo Curr\u00f2","Gesch\u00e4tzte Lesezeit":"5\u00a0Minuten"},"schema":{"@context":"https:\/\/schema.org","@graph":[{"@type":"Article","@id":"https:\/\/www.unlockvenice.com\/de\/serra-dei-giardini-venedig-biennale\/#article","isPartOf":{"@id":"https:\/\/www.unlockvenice.com\/de\/serra-dei-giardini-venedig-biennale\/"},"author":{"name":"Matteo Curr\u00f2","@id":"https:\/\/www.unlockvenice.com\/de\/#\/schema\/person\/123bf2bab97e224370ddb9d83d8907cd"},"headline":"Die Serra dei Giardini: Glas, Pflanzen und Biennale noch vor den nationalen Pavillons","datePublished":"2026-08-18T07:00:00+00:00","dateModified":"2026-09-01T17:13:05+00:00","mainEntityOfPage":{"@id":"https:\/\/www.unlockvenice.com\/de\/serra-dei-giardini-venedig-biennale\/"},"wordCount":962,"commentCount":0,"publisher":{"@id":"https:\/\/www.unlockvenice.com\/de\/#organization"},"image":{"@id":"https:\/\/www.unlockvenice.com\/de\/serra-dei-giardini-venedig-biennale\/#primaryimage"},"thumbnailUrl":"https:\/\/www.unlockvenice.com\/wp-content\/uploads\/2026\/07\/aiep-featured-1365.png","keywords":["architettura in vetro","Biennale Venezia","Castello","Giardini","Serra dei Giardini","Venezia"],"articleSection":["Arte e cultura"],"inLanguage":"de","potentialAction":[{"@type":"CommentAction","name":"Comment","target":["https:\/\/www.unlockvenice.com\/de\/serra-dei-giardini-venedig-biennale\/#respond"]}]},{"@type":"WebPage","@id":"https:\/\/www.unlockvenice.com\/de\/serra-dei-giardini-venedig-biennale\/","url":"https:\/\/www.unlockvenice.com\/de\/serra-dei-giardini-venedig-biennale\/","name":"Die Serra dei Giardini: Glas, Pflanzen und Biennale noch vor den nationalen Pavillons &#8212; Unlock Venice","isPartOf":{"@id":"https:\/\/www.unlockvenice.com\/de\/#website"},"primaryImageOfPage":{"@id":"https:\/\/www.unlockvenice.com\/de\/serra-dei-giardini-venedig-biennale\/#primaryimage"},"image":{"@id":"https:\/\/www.unlockvenice.com\/de\/serra-dei-giardini-venedig-biennale\/#primaryimage"},"thumbnailUrl":"https:\/\/www.unlockvenice.com\/wp-content\/uploads\/2026\/07\/aiep-featured-1365.png","datePublished":"2026-08-18T07:00:00+00:00","dateModified":"2026-09-01T17:13:05+00:00","breadcrumb":{"@id":"https:\/\/www.unlockvenice.com\/de\/serra-dei-giardini-venedig-biennale\/#breadcrumb"},"inLanguage":"de","potentialAction":[{"@type":"ReadAction","target":["https:\/\/www.unlockvenice.com\/de\/serra-dei-giardini-venedig-biennale\/"]}]},{"@type":"ImageObject","inLanguage":"de","@id":"https:\/\/www.unlockvenice.com\/de\/serra-dei-giardini-venedig-biennale\/#primaryimage","url":"https:\/\/www.unlockvenice.com\/wp-content\/uploads\/2026\/07\/aiep-featured-1365.png","contentUrl":"https:\/\/www.unlockvenice.com\/wp-content\/uploads\/2026\/07\/aiep-featured-1365.png","width":1536,"height":1024,"caption":"Serra dei Giardini stilizzata con vetro, ferro e piante."},{"@type":"BreadcrumbList","@id":"https:\/\/www.unlockvenice.com\/de\/serra-dei-giardini-venedig-biennale\/#breadcrumb","itemListElement":[{"@type":"ListItem","position":1,"name":"Home","item":"https:\/\/www.unlockvenice.com\/de\/"},{"@type":"ListItem","position":2,"name":"Die Serra dei Giardini: Glas, Pflanzen und Biennale noch vor den nationalen Pavillons"}]},{"@type":"WebSite","@id":"https:\/\/www.unlockvenice.com\/de\/#website","url":"https:\/\/www.unlockvenice.com\/de\/","name":"Unlock Venice","description":"Guida a Venezia e soggiorni a Mestre","publisher":{"@id":"https:\/\/www.unlockvenice.com\/de\/#organization"},"alternateName":"Unlock Venice","potentialAction":[{"@type":"SearchAction","target":{"@type":"EntryPoint","urlTemplate":"https:\/\/www.unlockvenice.com\/de\/?s={search_term_string}"},"query-input":{"@type":"PropertyValueSpecification","valueRequired":true,"valueName":"search_term_string"}}],"inLanguage":"de"},{"@type":"Organization","@id":"https:\/\/www.unlockvenice.com\/de\/#organization","name":"Unlock Venice","alternateName":"U-Venice","url":"https:\/\/www.unlockvenice.com\/de\/","logo":{"@type":"ImageObject","inLanguage":"de","@id":"https:\/\/www.unlockvenice.com\/de\/#\/schema\/logo\/image\/","url":"https:\/\/www.unlockvenice.com\/wp-content\/uploads\/2026\/05\/unlock.png","contentUrl":"https:\/\/www.unlockvenice.com\/wp-content\/uploads\/2026\/05\/unlock.png","width":1254,"height":1254,"caption":"Unlock Venice"},"image":{"@id":"https:\/\/www.unlockvenice.com\/de\/#\/schema\/logo\/image\/"}},{"@type":"Person","@id":"https:\/\/www.unlockvenice.com\/de\/#\/schema\/person\/123bf2bab97e224370ddb9d83d8907cd","name":"Matteo Curr\u00f2","image":{"@type":"ImageObject","inLanguage":"de","@id":"https:\/\/www.unlockvenice.com\/wp-content\/litespeed\/avatar\/38502b640cc8eeaabca113105dce2c86.jpg?ver=1788339049","url":"https:\/\/www.unlockvenice.com\/wp-content\/litespeed\/avatar\/38502b640cc8eeaabca113105dce2c86.jpg?ver=1788339049","contentUrl":"https:\/\/www.unlockvenice.com\/wp-content\/litespeed\/avatar\/38502b640cc8eeaabca113105dce2c86.jpg?ver=1788339049","caption":"Matteo Curr\u00f2"},"sameAs":["http:\/\/www.unlockvenice.com"]}]}},"_links":{"self":[{"href":"https:\/\/www.unlockvenice.com\/de\/wp-json\/wp\/v2\/posts\/2676","targetHints":{"allow":["GET"]}}],"collection":[{"href":"https:\/\/www.unlockvenice.com\/de\/wp-json\/wp\/v2\/posts"}],"about":[{"href":"https:\/\/www.unlockvenice.com\/de\/wp-json\/wp\/v2\/types\/post"}],"author":[{"embeddable":true,"href":"https:\/\/www.unlockvenice.com\/de\/wp-json\/wp\/v2\/users\/1"}],"replies":[{"embeddable":true,"href":"https:\/\/www.unlockvenice.com\/de\/wp-json\/wp\/v2\/comments?post=2676"}],"version-history":[{"count":1,"href":"https:\/\/www.unlockvenice.com\/de\/wp-json\/wp\/v2\/posts\/2676\/revisions"}],"predecessor-version":[{"id":2678,"href":"https:\/\/www.unlockvenice.com\/de\/wp-json\/wp\/v2\/posts\/2676\/revisions\/2678"}],"wp:featuredmedia":[{"embeddable":true,"href":"https:\/\/www.unlockvenice.com\/de\/wp-json\/wp\/v2\/media\/1366"}],"wp:attachment":[{"href":"https:\/\/www.unlockvenice.com\/de\/wp-json\/wp\/v2\/media?parent=2676"}],"wp:term":[{"taxonomy":"category","embeddable":true,"href":"https:\/\/www.unlockvenice.com\/de\/wp-json\/wp\/v2\/categories?post=2676"},{"taxonomy":"post_tag","embeddable":true,"href":"https:\/\/www.unlockvenice.com\/de\/wp-json\/wp\/v2\/tags?post=2676"}],"curies":[{"name":"wp","href":"https:\/\/api.w.org\/{rel}","templated":true}]}}