{"id":2498,"date":"2026-07-28T11:00:00","date_gmt":"2026-07-28T09:00:00","guid":{"rendered":"https:\/\/www.unlockvenice.com\/?p=2498"},"modified":"2026-09-01T16:50:35","modified_gmt":"2026-09-01T14:50:35","slug":"fondaco-dei-tedeschi-geschichte-terrasse-venedig","status":"publish","type":"post","link":"https:\/\/www.unlockvenice.com\/de\/fondaco-dei-tedeschi-geschichte-terrasse-venedig\/","title":{"rendered":"Fondaco dei Tedeschi: vom Warenlager der Kaufleute aus dem Norden zur Terrasse \u00fcber der Stadt"},"content":{"rendered":"<p>Mit Blick auf den verkehrsreichsten Knotenpunkt von Rialto erz\u00e4hlt der Fondaco dei Tedeschi von einem Venedig aus Austausch, Kontrollen, Waren und erzwungenem Zusammenleben. Bevor er zu einem Geb\u00e4ude wurde, das man durchquert, um zur Terrasse hinaufzusteigen, war er jahrhundertelang der Ankunftspunkt der Kaufleute aus Nordeuropa: ein Warenlager, eine Residenz, ein \u00fcberwachter und zugleich lebendiger Ort. Ihn heute zu lesen bedeutet zu beobachten, wie die Stadt den Handel organisiert, die Architektur verwandelt und ihre eigenen R\u00e4ume wiederverwendet hat, ohne deren Spuren ganz auszul\u00f6schen.<\/p>\n<h2>Ein Fondaco am Knotenpunkt von Rialto<\/h2>\n<p>Den Fondaco dei Tedeschi versteht man vor allem, wenn man seine Lage betrachtet: mit Blick auf den Canal Grande, neben der Rialtobr\u00fccke, an dem Punkt, an dem Venedig Austausch, Ank\u00fcnfte und Verhandlungen konzentrierte. Hier war es nicht nur wichtig, in der N\u00e4he des Wassers zu sein, sondern sich im Herzen des Handelssystems der Stadt zu befinden, zwischen Anlegestellen, Werkst\u00e4tten, \u00f6ffentlichen \u00c4mtern und Warenstr\u00f6men, die ins Hinterland und in den Mittelmeerraum f\u00fchrten.<\/p>\n<p>Der Begriff <em>fondaco<\/em> bezeichnete ein Geb\u00e4ude mit zugleich praktischen und kontrollierenden Funktionen: Warenlager, Unterkunft, Verkaufsort und von den venezianischen Beh\u00f6rden \u00fcberwachter Raum. Der \u201edei Tedeschi\u201c war f\u00fcr die Kaufleute aus dem germanischen Raum und allgemeiner aus Nordeuropa bestimmt, eine entscheidende Pr\u00e4senz f\u00fcr den Handel mit Metallen, Stoffen, weiterverteilten Gew\u00fcrzen und anderen wertvollen G\u00fctern.<\/p>\n<p>Seine Lage in Rialto erz\u00e4hlt daher von einem pragmatischen Venedig: kosmopolitisch, aber geregelt; offen f\u00fcr Fremde, aber darauf bedacht, Verkehr und Gewinne in pr\u00e4zise Orte zu lenken. Bevor er zu einem Monumentalbau, einem modernen Kaufhaus und schlie\u00dflich zu einer Panoramaterrasse wurde, war der Fondaco vor allem eine in die Stadt integrierte Handelsmaschine.<\/p>\n<h2>Die deutschen Kaufleute und das Leben im Warenlager<\/h2>\n<p>In Venedig waren die \u201eTedeschi\u201c nicht nur Bewohner des heutigen Deutschlands: Der Name bezeichnete die Kaufleute aus dem germanischen Raum sowie aus Nord- und Mitteleuropa, oft verbunden mit St\u00e4dten wie N\u00fcrnberg, Augsburg, Regensburg oder K\u00f6ln. Ihre Pr\u00e4senz in Rialto war wertvoll, weil sie die Lagune mit den Landwegen verband, die die Alpen durchquerten.<\/p>\n<p>Das Wohn- und Lagerhaus am Canal Grande funktionierte als kontrollierte Residenz, Depot und Handelsb\u00fcro. Hier kamen Metalle, Wollstoffe, Pelze, Wachs, Bernstein und andere Produkte aus dem Norden an; von hier brachen Gew\u00fcrze, Seiden, Baumwollen und orientalische Waren, die auf dem Seeweg nach Venedig gelangt waren, wieder ins Landesinnere auf. Die R\u00e4ume waren also keine einfachen Unterk\u00fcnfte: Sie waren Orte der Verhandlung, Buchf\u00fchrung, Verwiegung, Verpackung und Verwahrung.<\/p>\n<p>Die Serenissima regelte diese Gemeinschaft genau. Die Kaufleute mussten \u00fcber anerkannte Vermittler und unter der Aufsicht venezianischer Magistrate handeln, sodass Z\u00f6lle, Qualit\u00e4t der Waren und Zahlungen \u00fcberpr\u00fcfbar blieben. Das t\u00e4gliche Leben wechselte zwischen Registern, Briefen, Stoffmustern, versiegelten Kisten und Beziehungen zu Bankiers und Maklern. In diesem Geflecht aus \u00f6ffentlicher Disziplin und privater Initiative entstand das kommerzielle Gl\u00fcck des Geb\u00e4udes.<\/p>\n<p><!-- AIEP_INLINE_IMAGE_SLOT:inline_1 --><\/p>\n<figure class=\"wp-block-image size-large aiep-inline-image\"><img decoding=\"async\" src=\"https:\/\/www.unlockvenice.com\/wp-content\/uploads\/2026\/06\/aiep-inline-903-inline_1.png\" alt=\"Illustration f\u00fcr Fondaco dei Tedeschi: vom Warenlager der Kaufleute aus dem Norden zur Terrasse \u00fcber der Stadt\" \/><\/figure>\n<h2>Architektur: Hof, Fassaden und Ver\u00e4nderungen<\/h2>\n<p>Die architektonische Lesart des Geb\u00e4udes geht vom kompakten Grundriss aus, der um einen gro\u00dfen Innenhof organisiert ist. Dieser zentrale Freiraum war nicht dekorativ: Er verteilte Licht, Luft und Durchg\u00e4nge und erm\u00f6glichte es, Bewegungen, Depots und B\u00fcros zu kontrollieren, ohne die Aktivit\u00e4ten zu zerstreuen. Die \u00fcbereinanderliegenden Loggien lassen noch immer eine Struktur erkennen, die eher f\u00fcr kollektive Arbeit als f\u00fcr private Repr\u00e4sentation gedacht war.<\/p>\n<p>Nach dem Brand von 1505 verlieh der Wiederaufbau im 16. Jahrhundert dem Komplex ein regelm\u00e4\u00dfigeres und monumentaleres Gesicht. Die Fassaden, die zum Canal Grande und zum Gebiet von Rialto ausgerichtet sind, waren ein politisches ebenso wie ein kommerzielles Zeichen: Ordnung, \u00dcberwachung und Prestige der Serenissima. Au\u00dfen erschienen ber\u00fchmte Fresken von Giorgione und Tizian, heute fast verloren, die einen funktionalen Sitz in eine bemalte st\u00e4dtische Oberfl\u00e4che verwandelten.<\/p>\n<p>Die modernen Ver\u00e4nderungen haben die Nutzung ver\u00e4ndert, aber die Logik der Anlage nicht ausgel\u00f6scht. Der zeitgen\u00f6ssische Eingriff hat den Hof als Durchgangsraum aufgewertet und die Schichtung lesbar gemacht: Zollgeb\u00e4ude, Ort des Austauschs, dann gro\u00dfer kommerzieller Beh\u00e4lter und Panoramaterrasse. Seine Architektur erz\u00e4hlt genau von dieser Kontinuit\u00e4t: eine Handelsmaschine, die f\u00e4hig ist, sich Jahrhundert f\u00fcr Jahrhundert an die Stadt anzupassen, die sie umgibt.<\/p>\n<h2>Die Terrasse: sich zwischen D\u00e4chern, Wasser und Glockent\u00fcrmen orientieren<\/h2>\n<p>Von der Spitze des Geb\u00e4udes aus wechselt die Lesart den Ma\u00dfstab: Der Komplex erscheint nicht mehr nur als kompaktes Volumen, sondern als Beobachtungspunkt auf den Handelsknoten, der ihn strategisch gemacht hat. Unten erkennt man die Kurve des Canal Grande, \u00fcberspannt von der ber\u00fchmtesten Br\u00fccke des historischen Marktes; ringsum treten die Kirche San Bartolomeo, die Mercerie und, weiter entfernt, die Profile von San Marco und der Lagunen-Glockent\u00fcrme hervor.<\/p>\n<p>Dieser Blick hilft zu verstehen, warum der Palast hier angeordnet war: nahe am Wasser f\u00fcr die Waren, nahe an den Fu\u00dfwegen f\u00fcr den Austausch, nahe am wirtschaftlichen Herzen der Serenissima. Die zeitgen\u00f6ssische Terrasse sollte daher nicht nur als Aussichtspunkt interpretiert werden, sondern als visueller Abschluss einer langen Geschichte: von der Kontrolle des Verkehrs bis zur Betrachtung der Stadtlandschaft. F\u00fcr Zugangsmodalit\u00e4ten und Besuchsbedingungen ist es immer angebracht, die aktualisierten Informationen zu \u00fcberpr\u00fcfen, bevor man den Aufstieg plant.<\/p>\n<p>Vom Innenhof bis zum Blick von oben erm\u00f6glicht der Fondaco dei Tedeschi, zwei Ma\u00dfst\u00e4be Venedigs zusammenzuhalten: den allt\u00e4glichen der Waren, der Unterk\u00fcnfte und der Handelsregeln, und den weiten der Stadt, die sich zwischen Canal Grande, D\u00e4chern und Glockent\u00fcrmen ausbreitet. Die Terrasse ist nicht nur ein Panoramapunkt, sondern die letzte Etappe einer komplexen Stadtgeschichte. Rialto von hier aus zu betrachten hilft zu verstehen, wie sehr dieses Geb\u00e4ude eine Scharnierstelle zwischen Bewegung, Erinnerung und Ver\u00e4nderung war und weiterhin ist.<\/p>\n","protected":false},"excerpt":{"rendered":"<p>Geschichte, Architektur und urbane Lesart des Fondaco dei Tedeschi, zwischen Rialto, nordischem Handel und Blick auf die D\u00e4cher Venedigs.<\/p>\n","protected":false},"author":1,"featured_media":904,"comment_status":"open","ping_status":"open","sticky":false,"template":"","format":"standard","meta":{"footnotes":""},"categories":[74],"tags":[203,81,55,157,1501,10],"class_list":["post-2498","post","type-post","status-publish","format-standard","has-post-thumbnail","hentry","category-arte-e-cultura","tag-architettura","tag-rialto","tag-san-marco","tag-storia-veneziana","tag-terrazze-de","tag-venezia"],"yoast_head":"<!-- This site is optimized with the Yoast SEO plugin v28.4 - https:\/\/yoast.com\/product\/yoast-seo-wordpress\/ -->\n<title>Fondaco dei Tedeschi: vom Warenlager der Kaufleute aus dem Norden zur Terrasse \u00fcber der Stadt &#8212; Unlock Venice<\/title>\n<meta name=\"robots\" content=\"index, follow, max-snippet:-1, max-image-preview:large, max-video-preview:-1\" \/>\n<link rel=\"canonical\" href=\"https:\/\/www.unlockvenice.com\/de\/fondaco-dei-tedeschi-geschichte-terrasse-venedig\/\" \/>\n<meta property=\"og:locale\" content=\"de_DE\" \/>\n<meta property=\"og:type\" content=\"article\" \/>\n<meta property=\"og:title\" content=\"Fondaco dei Tedeschi: vom Warenlager der Kaufleute aus dem Norden zur Terrasse \u00fcber der Stadt &#8212; Unlock Venice\" \/>\n<meta property=\"og:description\" content=\"Geschichte, Architektur und urbane Lesart des Fondaco dei Tedeschi, zwischen Rialto, nordischem Handel und Blick auf die D\u00e4cher Venedigs.\" \/>\n<meta property=\"og:url\" content=\"https:\/\/www.unlockvenice.com\/de\/fondaco-dei-tedeschi-geschichte-terrasse-venedig\/\" \/>\n<meta property=\"og:site_name\" content=\"Unlock Venice\" \/>\n<meta property=\"article:published_time\" content=\"2026-07-28T09:00:00+00:00\" \/>\n<meta property=\"article:modified_time\" content=\"2026-09-01T14:50:35+00:00\" \/>\n<meta property=\"og:image\" content=\"https:\/\/www.unlockvenice.com\/wp-content\/uploads\/2026\/06\/aiep-featured-903.png\" \/>\n\t<meta property=\"og:image:width\" content=\"1536\" \/>\n\t<meta property=\"og:image:height\" content=\"1024\" \/>\n\t<meta property=\"og:image:type\" content=\"image\/png\" \/>\n<meta name=\"author\" content=\"Matteo Curr\u00f2\" \/>\n<meta name=\"twitter:card\" content=\"summary_large_image\" \/>\n<meta name=\"twitter:label1\" content=\"Verfasst von\" \/>\n\t<meta name=\"twitter:data1\" content=\"Matteo Curr\u00f2\" \/>\n\t<meta name=\"twitter:label2\" content=\"Gesch\u00e4tzte Lesezeit\" \/>\n\t<meta name=\"twitter:data2\" content=\"5\u00a0Minuten\" \/>\n<script type=\"application\/ld+json\" class=\"yoast-schema-graph\">{\"@context\":\"https:\\\/\\\/schema.org\",\"@graph\":[{\"@type\":\"Article\",\"@id\":\"https:\\\/\\\/www.unlockvenice.com\\\/de\\\/fondaco-dei-tedeschi-geschichte-terrasse-venedig\\\/#article\",\"isPartOf\":{\"@id\":\"https:\\\/\\\/www.unlockvenice.com\\\/de\\\/fondaco-dei-tedeschi-geschichte-terrasse-venedig\\\/\"},\"author\":{\"name\":\"Matteo Curr\u00f2\",\"@id\":\"https:\\\/\\\/www.unlockvenice.com\\\/de\\\/#\\\/schema\\\/person\\\/123bf2bab97e224370ddb9d83d8907cd\"},\"headline\":\"Fondaco dei Tedeschi: vom Warenlager der Kaufleute aus dem Norden zur Terrasse \u00fcber der Stadt\",\"datePublished\":\"2026-07-28T09:00:00+00:00\",\"dateModified\":\"2026-09-01T14:50:35+00:00\",\"mainEntityOfPage\":{\"@id\":\"https:\\\/\\\/www.unlockvenice.com\\\/de\\\/fondaco-dei-tedeschi-geschichte-terrasse-venedig\\\/\"},\"wordCount\":972,\"commentCount\":0,\"publisher\":{\"@id\":\"https:\\\/\\\/www.unlockvenice.com\\\/de\\\/#organization\"},\"image\":{\"@id\":\"https:\\\/\\\/www.unlockvenice.com\\\/de\\\/fondaco-dei-tedeschi-geschichte-terrasse-venedig\\\/#primaryimage\"},\"thumbnailUrl\":\"https:\\\/\\\/www.unlockvenice.com\\\/wp-content\\\/uploads\\\/2026\\\/06\\\/aiep-featured-903.png\",\"keywords\":[\"architettura\",\"Rialto\",\"San Marco\",\"storia veneziana\",\"terrazze\",\"Venezia\"],\"articleSection\":[\"Arte e cultura\"],\"inLanguage\":\"de\",\"potentialAction\":[{\"@type\":\"CommentAction\",\"name\":\"Comment\",\"target\":[\"https:\\\/\\\/www.unlockvenice.com\\\/de\\\/fondaco-dei-tedeschi-geschichte-terrasse-venedig\\\/#respond\"]}]},{\"@type\":\"WebPage\",\"@id\":\"https:\\\/\\\/www.unlockvenice.com\\\/de\\\/fondaco-dei-tedeschi-geschichte-terrasse-venedig\\\/\",\"url\":\"https:\\\/\\\/www.unlockvenice.com\\\/de\\\/fondaco-dei-tedeschi-geschichte-terrasse-venedig\\\/\",\"name\":\"Fondaco dei Tedeschi: vom Warenlager der Kaufleute aus dem Norden zur Terrasse \u00fcber der Stadt &#8212; Unlock Venice\",\"isPartOf\":{\"@id\":\"https:\\\/\\\/www.unlockvenice.com\\\/de\\\/#website\"},\"primaryImageOfPage\":{\"@id\":\"https:\\\/\\\/www.unlockvenice.com\\\/de\\\/fondaco-dei-tedeschi-geschichte-terrasse-venedig\\\/#primaryimage\"},\"image\":{\"@id\":\"https:\\\/\\\/www.unlockvenice.com\\\/de\\\/fondaco-dei-tedeschi-geschichte-terrasse-venedig\\\/#primaryimage\"},\"thumbnailUrl\":\"https:\\\/\\\/www.unlockvenice.com\\\/wp-content\\\/uploads\\\/2026\\\/06\\\/aiep-featured-903.png\",\"datePublished\":\"2026-07-28T09:00:00+00:00\",\"dateModified\":\"2026-09-01T14:50:35+00:00\",\"breadcrumb\":{\"@id\":\"https:\\\/\\\/www.unlockvenice.com\\\/de\\\/fondaco-dei-tedeschi-geschichte-terrasse-venedig\\\/#breadcrumb\"},\"inLanguage\":\"de\",\"potentialAction\":[{\"@type\":\"ReadAction\",\"target\":[\"https:\\\/\\\/www.unlockvenice.com\\\/de\\\/fondaco-dei-tedeschi-geschichte-terrasse-venedig\\\/\"]}]},{\"@type\":\"ImageObject\",\"inLanguage\":\"de\",\"@id\":\"https:\\\/\\\/www.unlockvenice.com\\\/de\\\/fondaco-dei-tedeschi-geschichte-terrasse-venedig\\\/#primaryimage\",\"url\":\"https:\\\/\\\/www.unlockvenice.com\\\/wp-content\\\/uploads\\\/2026\\\/06\\\/aiep-featured-903.png\",\"contentUrl\":\"https:\\\/\\\/www.unlockvenice.com\\\/wp-content\\\/uploads\\\/2026\\\/06\\\/aiep-featured-903.png\",\"width\":1536,\"height\":1024,\"caption\":\"Disegno minimale del Fondaco dei Tedeschi vicino a Rialto.\"},{\"@type\":\"BreadcrumbList\",\"@id\":\"https:\\\/\\\/www.unlockvenice.com\\\/de\\\/fondaco-dei-tedeschi-geschichte-terrasse-venedig\\\/#breadcrumb\",\"itemListElement\":[{\"@type\":\"ListItem\",\"position\":1,\"name\":\"Home\",\"item\":\"https:\\\/\\\/www.unlockvenice.com\\\/de\\\/\"},{\"@type\":\"ListItem\",\"position\":2,\"name\":\"Fondaco dei Tedeschi: vom Warenlager der Kaufleute aus dem Norden zur Terrasse \u00fcber der Stadt\"}]},{\"@type\":\"WebSite\",\"@id\":\"https:\\\/\\\/www.unlockvenice.com\\\/de\\\/#website\",\"url\":\"https:\\\/\\\/www.unlockvenice.com\\\/de\\\/\",\"name\":\"Unlock Venice\",\"description\":\"Guida a Venezia e soggiorni a Mestre\",\"publisher\":{\"@id\":\"https:\\\/\\\/www.unlockvenice.com\\\/de\\\/#organization\"},\"alternateName\":\"Unlock Venice\",\"potentialAction\":[{\"@type\":\"SearchAction\",\"target\":{\"@type\":\"EntryPoint\",\"urlTemplate\":\"https:\\\/\\\/www.unlockvenice.com\\\/de\\\/?s={search_term_string}\"},\"query-input\":{\"@type\":\"PropertyValueSpecification\",\"valueRequired\":true,\"valueName\":\"search_term_string\"}}],\"inLanguage\":\"de\"},{\"@type\":\"Organization\",\"@id\":\"https:\\\/\\\/www.unlockvenice.com\\\/de\\\/#organization\",\"name\":\"Unlock Venice\",\"alternateName\":\"U-Venice\",\"url\":\"https:\\\/\\\/www.unlockvenice.com\\\/de\\\/\",\"logo\":{\"@type\":\"ImageObject\",\"inLanguage\":\"de\",\"@id\":\"https:\\\/\\\/www.unlockvenice.com\\\/de\\\/#\\\/schema\\\/logo\\\/image\\\/\",\"url\":\"https:\\\/\\\/www.unlockvenice.com\\\/wp-content\\\/uploads\\\/2026\\\/05\\\/unlock.png\",\"contentUrl\":\"https:\\\/\\\/www.unlockvenice.com\\\/wp-content\\\/uploads\\\/2026\\\/05\\\/unlock.png\",\"width\":1254,\"height\":1254,\"caption\":\"Unlock Venice\"},\"image\":{\"@id\":\"https:\\\/\\\/www.unlockvenice.com\\\/de\\\/#\\\/schema\\\/logo\\\/image\\\/\"}},{\"@type\":\"Person\",\"@id\":\"https:\\\/\\\/www.unlockvenice.com\\\/de\\\/#\\\/schema\\\/person\\\/123bf2bab97e224370ddb9d83d8907cd\",\"name\":\"Matteo Curr\u00f2\",\"image\":{\"@type\":\"ImageObject\",\"inLanguage\":\"de\",\"@id\":\"https:\\\/\\\/www.unlockvenice.com\\\/wp-content\\\/litespeed\\\/avatar\\\/38502b640cc8eeaabca113105dce2c86.jpg?ver=1788339049\",\"url\":\"https:\\\/\\\/www.unlockvenice.com\\\/wp-content\\\/litespeed\\\/avatar\\\/38502b640cc8eeaabca113105dce2c86.jpg?ver=1788339049\",\"contentUrl\":\"https:\\\/\\\/www.unlockvenice.com\\\/wp-content\\\/litespeed\\\/avatar\\\/38502b640cc8eeaabca113105dce2c86.jpg?ver=1788339049\",\"caption\":\"Matteo Curr\u00f2\"},\"sameAs\":[\"http:\\\/\\\/www.unlockvenice.com\"]}]}<\/script>\n<!-- \/ Yoast SEO plugin. -->","yoast_head_json":{"title":"Fondaco dei Tedeschi: vom Warenlager der Kaufleute aus dem Norden zur Terrasse \u00fcber der Stadt &#8212; Unlock Venice","robots":{"index":"index","follow":"follow","max-snippet":"max-snippet:-1","max-image-preview":"max-image-preview:large","max-video-preview":"max-video-preview:-1"},"canonical":"https:\/\/www.unlockvenice.com\/de\/fondaco-dei-tedeschi-geschichte-terrasse-venedig\/","og_locale":"de_DE","og_type":"article","og_title":"Fondaco dei Tedeschi: vom Warenlager der Kaufleute aus dem Norden zur Terrasse \u00fcber der Stadt &#8212; Unlock Venice","og_description":"Geschichte, Architektur und urbane Lesart des Fondaco dei Tedeschi, zwischen Rialto, nordischem Handel und Blick auf die D\u00e4cher Venedigs.","og_url":"https:\/\/www.unlockvenice.com\/de\/fondaco-dei-tedeschi-geschichte-terrasse-venedig\/","og_site_name":"Unlock Venice","article_published_time":"2026-07-28T09:00:00+00:00","article_modified_time":"2026-09-01T14:50:35+00:00","og_image":[{"width":1536,"height":1024,"url":"https:\/\/www.unlockvenice.com\/wp-content\/uploads\/2026\/06\/aiep-featured-903.png","type":"image\/png"}],"author":"Matteo Curr\u00f2","twitter_card":"summary_large_image","twitter_misc":{"Verfasst von":"Matteo Curr\u00f2","Gesch\u00e4tzte Lesezeit":"5\u00a0Minuten"},"schema":{"@context":"https:\/\/schema.org","@graph":[{"@type":"Article","@id":"https:\/\/www.unlockvenice.com\/de\/fondaco-dei-tedeschi-geschichte-terrasse-venedig\/#article","isPartOf":{"@id":"https:\/\/www.unlockvenice.com\/de\/fondaco-dei-tedeschi-geschichte-terrasse-venedig\/"},"author":{"name":"Matteo Curr\u00f2","@id":"https:\/\/www.unlockvenice.com\/de\/#\/schema\/person\/123bf2bab97e224370ddb9d83d8907cd"},"headline":"Fondaco dei Tedeschi: vom Warenlager der Kaufleute aus dem Norden zur Terrasse \u00fcber der Stadt","datePublished":"2026-07-28T09:00:00+00:00","dateModified":"2026-09-01T14:50:35+00:00","mainEntityOfPage":{"@id":"https:\/\/www.unlockvenice.com\/de\/fondaco-dei-tedeschi-geschichte-terrasse-venedig\/"},"wordCount":972,"commentCount":0,"publisher":{"@id":"https:\/\/www.unlockvenice.com\/de\/#organization"},"image":{"@id":"https:\/\/www.unlockvenice.com\/de\/fondaco-dei-tedeschi-geschichte-terrasse-venedig\/#primaryimage"},"thumbnailUrl":"https:\/\/www.unlockvenice.com\/wp-content\/uploads\/2026\/06\/aiep-featured-903.png","keywords":["architettura","Rialto","San Marco","storia veneziana","terrazze","Venezia"],"articleSection":["Arte e cultura"],"inLanguage":"de","potentialAction":[{"@type":"CommentAction","name":"Comment","target":["https:\/\/www.unlockvenice.com\/de\/fondaco-dei-tedeschi-geschichte-terrasse-venedig\/#respond"]}]},{"@type":"WebPage","@id":"https:\/\/www.unlockvenice.com\/de\/fondaco-dei-tedeschi-geschichte-terrasse-venedig\/","url":"https:\/\/www.unlockvenice.com\/de\/fondaco-dei-tedeschi-geschichte-terrasse-venedig\/","name":"Fondaco dei Tedeschi: vom Warenlager der Kaufleute aus dem Norden zur Terrasse \u00fcber der Stadt &#8212; Unlock Venice","isPartOf":{"@id":"https:\/\/www.unlockvenice.com\/de\/#website"},"primaryImageOfPage":{"@id":"https:\/\/www.unlockvenice.com\/de\/fondaco-dei-tedeschi-geschichte-terrasse-venedig\/#primaryimage"},"image":{"@id":"https:\/\/www.unlockvenice.com\/de\/fondaco-dei-tedeschi-geschichte-terrasse-venedig\/#primaryimage"},"thumbnailUrl":"https:\/\/www.unlockvenice.com\/wp-content\/uploads\/2026\/06\/aiep-featured-903.png","datePublished":"2026-07-28T09:00:00+00:00","dateModified":"2026-09-01T14:50:35+00:00","breadcrumb":{"@id":"https:\/\/www.unlockvenice.com\/de\/fondaco-dei-tedeschi-geschichte-terrasse-venedig\/#breadcrumb"},"inLanguage":"de","potentialAction":[{"@type":"ReadAction","target":["https:\/\/www.unlockvenice.com\/de\/fondaco-dei-tedeschi-geschichte-terrasse-venedig\/"]}]},{"@type":"ImageObject","inLanguage":"de","@id":"https:\/\/www.unlockvenice.com\/de\/fondaco-dei-tedeschi-geschichte-terrasse-venedig\/#primaryimage","url":"https:\/\/www.unlockvenice.com\/wp-content\/uploads\/2026\/06\/aiep-featured-903.png","contentUrl":"https:\/\/www.unlockvenice.com\/wp-content\/uploads\/2026\/06\/aiep-featured-903.png","width":1536,"height":1024,"caption":"Disegno minimale del Fondaco dei Tedeschi vicino a Rialto."},{"@type":"BreadcrumbList","@id":"https:\/\/www.unlockvenice.com\/de\/fondaco-dei-tedeschi-geschichte-terrasse-venedig\/#breadcrumb","itemListElement":[{"@type":"ListItem","position":1,"name":"Home","item":"https:\/\/www.unlockvenice.com\/de\/"},{"@type":"ListItem","position":2,"name":"Fondaco dei Tedeschi: vom Warenlager der Kaufleute aus dem Norden zur Terrasse \u00fcber der Stadt"}]},{"@type":"WebSite","@id":"https:\/\/www.unlockvenice.com\/de\/#website","url":"https:\/\/www.unlockvenice.com\/de\/","name":"Unlock Venice","description":"Guida a Venezia e soggiorni a Mestre","publisher":{"@id":"https:\/\/www.unlockvenice.com\/de\/#organization"},"alternateName":"Unlock Venice","potentialAction":[{"@type":"SearchAction","target":{"@type":"EntryPoint","urlTemplate":"https:\/\/www.unlockvenice.com\/de\/?s={search_term_string}"},"query-input":{"@type":"PropertyValueSpecification","valueRequired":true,"valueName":"search_term_string"}}],"inLanguage":"de"},{"@type":"Organization","@id":"https:\/\/www.unlockvenice.com\/de\/#organization","name":"Unlock Venice","alternateName":"U-Venice","url":"https:\/\/www.unlockvenice.com\/de\/","logo":{"@type":"ImageObject","inLanguage":"de","@id":"https:\/\/www.unlockvenice.com\/de\/#\/schema\/logo\/image\/","url":"https:\/\/www.unlockvenice.com\/wp-content\/uploads\/2026\/05\/unlock.png","contentUrl":"https:\/\/www.unlockvenice.com\/wp-content\/uploads\/2026\/05\/unlock.png","width":1254,"height":1254,"caption":"Unlock Venice"},"image":{"@id":"https:\/\/www.unlockvenice.com\/de\/#\/schema\/logo\/image\/"}},{"@type":"Person","@id":"https:\/\/www.unlockvenice.com\/de\/#\/schema\/person\/123bf2bab97e224370ddb9d83d8907cd","name":"Matteo Curr\u00f2","image":{"@type":"ImageObject","inLanguage":"de","@id":"https:\/\/www.unlockvenice.com\/wp-content\/litespeed\/avatar\/38502b640cc8eeaabca113105dce2c86.jpg?ver=1788339049","url":"https:\/\/www.unlockvenice.com\/wp-content\/litespeed\/avatar\/38502b640cc8eeaabca113105dce2c86.jpg?ver=1788339049","contentUrl":"https:\/\/www.unlockvenice.com\/wp-content\/litespeed\/avatar\/38502b640cc8eeaabca113105dce2c86.jpg?ver=1788339049","caption":"Matteo Curr\u00f2"},"sameAs":["http:\/\/www.unlockvenice.com"]}]}},"_links":{"self":[{"href":"https:\/\/www.unlockvenice.com\/de\/wp-json\/wp\/v2\/posts\/2498","targetHints":{"allow":["GET"]}}],"collection":[{"href":"https:\/\/www.unlockvenice.com\/de\/wp-json\/wp\/v2\/posts"}],"about":[{"href":"https:\/\/www.unlockvenice.com\/de\/wp-json\/wp\/v2\/types\/post"}],"author":[{"embeddable":true,"href":"https:\/\/www.unlockvenice.com\/de\/wp-json\/wp\/v2\/users\/1"}],"replies":[{"embeddable":true,"href":"https:\/\/www.unlockvenice.com\/de\/wp-json\/wp\/v2\/comments?post=2498"}],"version-history":[{"count":1,"href":"https:\/\/www.unlockvenice.com\/de\/wp-json\/wp\/v2\/posts\/2498\/revisions"}],"predecessor-version":[{"id":2500,"href":"https:\/\/www.unlockvenice.com\/de\/wp-json\/wp\/v2\/posts\/2498\/revisions\/2500"}],"wp:featuredmedia":[{"embeddable":true,"href":"https:\/\/www.unlockvenice.com\/de\/wp-json\/wp\/v2\/media\/904"}],"wp:attachment":[{"href":"https:\/\/www.unlockvenice.com\/de\/wp-json\/wp\/v2\/media?parent=2498"}],"wp:term":[{"taxonomy":"category","embeddable":true,"href":"https:\/\/www.unlockvenice.com\/de\/wp-json\/wp\/v2\/categories?post=2498"},{"taxonomy":"post_tag","embeddable":true,"href":"https:\/\/www.unlockvenice.com\/de\/wp-json\/wp\/v2\/tags?post=2498"}],"curies":[{"name":"wp","href":"https:\/\/api.w.org\/{rel}","templated":true}]}}