{"id":2495,"date":"2026-07-02T11:00:00","date_gmt":"2026-07-02T09:00:00","guid":{"rendered":"https:\/\/www.unlockvenice.com\/?p=2495"},"modified":"2026-09-01T16:50:35","modified_gmt":"2026-09-01T14:50:35","slug":"fondaco-dei-tedeschi-rialto","status":"publish","type":"post","link":"https:\/\/www.unlockvenice.com\/de\/fondaco-dei-tedeschi-rialto\/","title":{"rendered":"Der Fondaco dei Tedeschi: vom Haus der nordischen Kaufleute zur zeitgen\u00f6ssischen Terrasse \u00fcber Rialto"},"content":{"rendered":"<p>Neben der Rialtobr\u00fccke ist der Fondaco dei Tedeschi nicht nur ein imposantes Geb\u00e4ude mit Blick auf den Canal Grande: Er ist eine konkrete Spur der Art und Weise, wie Venedig den Handel verwaltete, Fremde \u00fcberwachte und Architektur in ein politisches Instrument verwandelte. Entstanden, um die Kaufleute aus Nordeuropa zu beherbergen und zu kontrollieren, sp\u00e4ter wiederaufgebaut, dekoriert und an verschiedene Funktionen angepasst, erz\u00e4hlt der Fondaco von einer praktischen und kosmopolitischen Stadt, gepr\u00e4gt von Waren, Regeln, Wasser und bemalten Fassaden. Ihn heute zu lesen bedeutet, \u00fcber die Panoramaterrasse hinauszublicken und in seiner kompakten Form Jahrhunderte von Beziehungen zwischen Wirtschaft, Kunst und st\u00e4dtischem Leben zu erkennen.<\/p>\n<h2>Ein Geb\u00e4ude, das zur Kontrolle des nordischen Handels entstand<\/h2>\n<p>Der Fondaco dei Tedeschi entstand nur wenige Schritte von der Rialtobr\u00fccke entfernt, weil Venedig hier das Herz des Handelsverkehrs konzentrierte: Wechselbanken, Fischm\u00e4rkte, Lagerh\u00e4user, Anlegestellen und \u00f6ffentliche \u00c4mter. Der Begriff <em>fondaco<\/em>, der aus dem mediterranen Raum stammt, bezeichnete zugleich Lager, Unterkunft und Ort der Verhandlung. Im venezianischen Fall war er keine einfache Herberge f\u00fcr ausl\u00e4ndische Kaufleute, sondern ein Instrument wirtschaftlicher Regierung.<\/p>\n<p>Seit dem Mittelalter mussten die Kaufleute aus dem deutschen und nordischen Raum, die mit Metallen, Tuchen, Leder, reexportierten Gew\u00fcrzen und anderen Waren zum venezianischen Markt unterwegs waren, in diesem Geb\u00e4ude unter der Aufsicht der Serenissima wohnen und arbeiten. So konnte die Republik Ank\u00fcnfte und Abreisen registrieren, Transaktionen kontrollieren, Z\u00f6lle erheben und das Risiko von Schmuggel oder Vereinbarungen au\u00dferhalb des Marktes verringern.<\/p>\n<p>Die Lage am Canal Grande, neben Rialto, war also kein Zufall: Sie brachte die ausl\u00e4ndischen H\u00e4ndler in das Handelszentrum der Stadt, jedoch innerhalb klar definierter Grenzen. Bevor er zur zeitgen\u00f6ssischen Terrasse und zu einem restaurierten Gesch\u00e4ftsraum wurde, war der Fondaco vor allem eine Verwaltungsmaschine: Gastlichkeit, Lager und steuerliche Kontrolle in einem einzigen st\u00e4dtischen Organismus vereint.<\/p>\n<h2>Br\u00e4nde, Wiederaufbau und Fresken an der Fassade<\/h2>\n<p>Die Renaissance-Wende des Fondaco dei Tedeschi f\u00fchrt durch das Feuer. Das mittelalterliche Geb\u00e4ude wurde 1505 durch einen Brand schwer besch\u00e4digt, und Venedig beschloss, es rasch wiederaufzubauen, wobei die Handelsfunktion beibehalten, das \u00f6ffentliche Bild jedoch aktualisiert wurde. Der neue Bau, der in den ersten Jahren des 16. Jahrhunderts vollendet wurde, nahm ein regelm\u00e4\u00dfigeres Erscheinungsbild an: ein kompakter Grundriss um den Hof, Portiken f\u00fcr die Waren, gro\u00dfe Au\u00dfenfl\u00e4chen zum Canal Grande und zu Rialto hin.<\/p>\n<p>Gerade diese Fassaden wurden zu einem malerischen Manifest. Giorgione und der junge Tizian wurden beauftragt, sie mit Fresken zu dekorieren und so ein Haus ausl\u00e4ndischer Kaufleute in eine szenografische Pr\u00e4senz im wirtschaftlichen Herzen der Stadt zu verwandeln. Heute bleiben nur Fragmente und Zeugnisse, weil die Feuchtigkeit der Lagune und die Zeit die Ausstattungen fast ausgel\u00f6scht haben. Der Verlust ist bedeutend: Diese Gem\u00e4lde erz\u00e4hlten von einem Venedig, das kommerzielle Kontrolle, politisches Prestige und k\u00fcnstlerisches Experimentieren verbinden konnte, noch bevor das Geb\u00e4ude zu einer zeitgen\u00f6ssischen Terrasse \u00fcber Rialto wurde.<\/p>\n<h2>Die Form des Komplexes: Hof, Fassaden und Beziehung zum Wasser<\/h2>\n<p>Um den Fondaco dei Tedeschi zu verstehen, reicht es nicht, die Fassade zu betrachten: Man muss ihn als st\u00e4dtische Maschine lesen, gebaut zwischen Br\u00fccke, Markt und Canal Grande. Der kompakte Grundriss, um einen Innenhof organisiert, entsprach pr\u00e4zisen Anforderungen: Kontrolle der Zug\u00e4nge, Lagerung der Waren, Unterkunft der Kaufleute und schnelle Bewegung der Lasten.<\/p>\n<p><!-- AIEP_INLINE_IMAGE_SLOT:inline_1 --><\/p>\n<figure class=\"wp-block-image size-large aiep-inline-image\"><img decoding=\"async\" src=\"https:\/\/www.unlockvenice.com\/wp-content\/uploads\/2026\/06\/aiep-inline-350-inline_1.png\" alt=\"Illustration zu Der Fondaco dei Tedeschi: vom Haus der nordischen Kaufleute zur zeitgen\u00f6ssischen Terrasse \u00fcber Rialto\" \/><\/figure>\n<p>Der Hof war das praktische Herz des Baus. Portiken und Laubeng\u00e4nge erschlossen die R\u00e4ume auf den verschiedenen Ebenen, w\u00e4hrend der zentrale Raum Licht und Luft in ein ansonsten dichtes und geschlossenes Volumen brachte. Diese viereckige, scheinbar strenge Form machte es m\u00f6glich, kommerzielle, fiskalische und wohnliche Funktionen an einem einzigen Ort zu konzentrieren.<\/p>\n<p>Die Beziehung zum Wasser war ebenso entscheidend. Die Front am Canal Grande war nicht nur szenografisch: Sie erm\u00f6glichte die Ankunft der Boote, das Entladen der Waren und die \u00f6ffentliche Sichtbarkeit einer wirtschaftlichen Pr\u00e4senz, die von der Republik kontrolliert wurde. Die N\u00e4he zu Rialto vervollst\u00e4ndigte das System: auf der einen Seite der Wasserverkehr, auf der anderen der landseitige Knotenpunkt des Handels. Auch die zeitgen\u00f6ssische Terrasse hilft, wenn man von oben auf diese Verzahnung blickt, die urspr\u00fcngliche Logik des Ortes zu erkennen.<\/p>\n<h2>Von der Post zum Belvedere: wie man ihn heute liest<\/h2>\n<p>Nach dem Ende der Republik verlor das gro\u00dfe, von der Serenissima regulierte Warenhaus die Funktion, f\u00fcr die es entstanden war. In den folgenden Jahrhunderten wurde es an Verwaltungs- und Dienstleistungsnutzungen angepasst; im 20. Jahrhundert kannten viele Venezianer es vor allem als Postgeb\u00e4ude, mit Schaltern, B\u00fcros und inneren Wegen, die inzwischen weit vom abgeschlossenen Leben der alten Handelsnationen entfernt waren.<\/p>\n<p>Die Restaurierung des 21. Jahrhunderts hat seine Natur als geschichteter Beh\u00e4lter wieder lesbar gemacht: kein unbewegliches Denkmal, sondern eine Struktur, die ihre Funktion ver\u00e4ndern kann und dabei einige Fixpunkte beibeh\u00e4lt, wie den zentralen Hof, die regelm\u00e4\u00dfige Gliederung der Fassaden und die direkte Beziehung zum Canal Grande. Die zeitgen\u00f6ssischen Eingriffe sollten gerade in diesem Dialog zwischen Best\u00e4ndigkeit und Wiederverwendung betrachtet werden.<\/p>\n<p>Der verantwortungsvolle Besuch besteht darin, den Ort nicht nur auf das Panorama von oben zu reduzieren: Das Belvedere ergibt Sinn, wenn es mit der Geschichte der Kontrolle der Waren, der Post, der Zug\u00e4nge und der Ausblicke auf Rialto verbunden wird. F\u00fcr Modalit\u00e4ten und Zugangsbedingungen ist es stets ratsam, die aktualisierten Informationen vor dem Besuch zu \u00fcberpr\u00fcfen.<\/p>\n<p>Der Fondaco dei Tedeschi bleibt einer der Orte, an denen Venedig seine F\u00e4higkeit am besten zeigt, sich zu ver\u00e4ndern, ohne die Spuren der Vergangenheit vollst\u00e4ndig zu verlieren. Die urspr\u00fcngliche Handelsfunktion, die verschwundenen Fresken, der Innenhof, die direkte Beziehung zu Rialto und zum Wasser bestimmen weiterhin die Lekt\u00fcre des Geb\u00e4udes, auch innerhalb sehr unterschiedlicher zeitgen\u00f6ssischer Nutzungen. Zur Terrasse hinaufzugehen kann eine einfache Geste sein, gewinnt aber an Sinn, wenn man zuvor die Proportionen, die Zug\u00e4nge und die strategische Lage betrachtet. Von hier aus erscheint Venedig nicht nur szenografisch: Es offenbart sich als eine Stadt, die gebaut wurde, um Austausch zu organisieren, Str\u00f6me zu kontrollieren und jeden Raum in aktive Erinnerung zu verwandeln.<\/p>\n","protected":false},"excerpt":{"rendered":"<p>Geschichte, Architektur und heutige Lesart des Fondaco dei Tedeschi, zwischen Rialto, Canal Grande und Terrasse.<\/p>\n","protected":false},"author":1,"featured_media":351,"comment_status":"open","ping_status":"open","sticky":false,"template":"","format":"standard","meta":{"footnotes":""},"categories":[74],"tags":[203,202,1499,81,1500,10],"class_list":["post-2495","post","type-post","status-publish","format-standard","has-post-thumbnail","hentry","category-arte-e-cultura","tag-architettura","tag-canal-grande","tag-fondaco-dei-tedeschi-de","tag-rialto","tag-terrazza-de","tag-venezia"],"yoast_head":"<!-- This site is optimized with the Yoast SEO plugin v28.4 - https:\/\/yoast.com\/product\/yoast-seo-wordpress\/ -->\n<title>Der Fondaco dei Tedeschi: vom Haus der nordischen Kaufleute zur zeitgen\u00f6ssischen Terrasse \u00fcber Rialto &#8212; Unlock Venice<\/title>\n<meta name=\"robots\" content=\"index, follow, max-snippet:-1, max-image-preview:large, max-video-preview:-1\" \/>\n<link rel=\"canonical\" href=\"https:\/\/www.unlockvenice.com\/de\/fondaco-dei-tedeschi-rialto\/\" \/>\n<meta property=\"og:locale\" content=\"de_DE\" \/>\n<meta property=\"og:type\" content=\"article\" \/>\n<meta property=\"og:title\" content=\"Der Fondaco dei Tedeschi: vom Haus der nordischen Kaufleute zur zeitgen\u00f6ssischen Terrasse \u00fcber Rialto &#8212; Unlock Venice\" \/>\n<meta property=\"og:description\" content=\"Geschichte, Architektur und heutige Lesart des Fondaco dei Tedeschi, zwischen Rialto, Canal Grande und Terrasse.\" \/>\n<meta property=\"og:url\" content=\"https:\/\/www.unlockvenice.com\/de\/fondaco-dei-tedeschi-rialto\/\" \/>\n<meta property=\"og:site_name\" content=\"Unlock Venice\" \/>\n<meta property=\"article:published_time\" content=\"2026-07-02T09:00:00+00:00\" \/>\n<meta property=\"article:modified_time\" content=\"2026-09-01T14:50:35+00:00\" \/>\n<meta property=\"og:image\" content=\"https:\/\/www.unlockvenice.com\/wp-content\/uploads\/2026\/06\/aiep-featured-350.png\" \/>\n\t<meta property=\"og:image:width\" content=\"1536\" \/>\n\t<meta property=\"og:image:height\" content=\"1024\" \/>\n\t<meta property=\"og:image:type\" content=\"image\/png\" \/>\n<meta name=\"author\" content=\"Matteo Curr\u00f2\" \/>\n<meta name=\"twitter:card\" content=\"summary_large_image\" \/>\n<meta name=\"twitter:label1\" content=\"Verfasst von\" \/>\n\t<meta name=\"twitter:data1\" content=\"Matteo Curr\u00f2\" \/>\n\t<meta name=\"twitter:label2\" content=\"Gesch\u00e4tzte Lesezeit\" \/>\n\t<meta name=\"twitter:data2\" content=\"5\u00a0Minuten\" \/>\n<script type=\"application\/ld+json\" class=\"yoast-schema-graph\">{\"@context\":\"https:\\\/\\\/schema.org\",\"@graph\":[{\"@type\":\"Article\",\"@id\":\"https:\\\/\\\/www.unlockvenice.com\\\/de\\\/fondaco-dei-tedeschi-rialto\\\/#article\",\"isPartOf\":{\"@id\":\"https:\\\/\\\/www.unlockvenice.com\\\/de\\\/fondaco-dei-tedeschi-rialto\\\/\"},\"author\":{\"name\":\"Matteo Curr\u00f2\",\"@id\":\"https:\\\/\\\/www.unlockvenice.com\\\/de\\\/#\\\/schema\\\/person\\\/123bf2bab97e224370ddb9d83d8907cd\"},\"headline\":\"Der Fondaco dei Tedeschi: vom Haus der nordischen Kaufleute zur zeitgen\u00f6ssischen Terrasse \u00fcber Rialto\",\"datePublished\":\"2026-07-02T09:00:00+00:00\",\"dateModified\":\"2026-09-01T14:50:35+00:00\",\"mainEntityOfPage\":{\"@id\":\"https:\\\/\\\/www.unlockvenice.com\\\/de\\\/fondaco-dei-tedeschi-rialto\\\/\"},\"wordCount\":1032,\"commentCount\":0,\"publisher\":{\"@id\":\"https:\\\/\\\/www.unlockvenice.com\\\/de\\\/#organization\"},\"image\":{\"@id\":\"https:\\\/\\\/www.unlockvenice.com\\\/de\\\/fondaco-dei-tedeschi-rialto\\\/#primaryimage\"},\"thumbnailUrl\":\"https:\\\/\\\/www.unlockvenice.com\\\/wp-content\\\/uploads\\\/2026\\\/06\\\/aiep-featured-350.png\",\"keywords\":[\"architettura\",\"Canal Grande\",\"Fondaco dei Tedeschi\",\"Rialto\",\"terrazza\",\"Venezia\"],\"articleSection\":[\"Arte e cultura\"],\"inLanguage\":\"de\",\"potentialAction\":[{\"@type\":\"CommentAction\",\"name\":\"Comment\",\"target\":[\"https:\\\/\\\/www.unlockvenice.com\\\/de\\\/fondaco-dei-tedeschi-rialto\\\/#respond\"]}]},{\"@type\":\"WebPage\",\"@id\":\"https:\\\/\\\/www.unlockvenice.com\\\/de\\\/fondaco-dei-tedeschi-rialto\\\/\",\"url\":\"https:\\\/\\\/www.unlockvenice.com\\\/de\\\/fondaco-dei-tedeschi-rialto\\\/\",\"name\":\"Der Fondaco dei Tedeschi: vom Haus der nordischen Kaufleute zur zeitgen\u00f6ssischen Terrasse \u00fcber Rialto &#8212; Unlock Venice\",\"isPartOf\":{\"@id\":\"https:\\\/\\\/www.unlockvenice.com\\\/de\\\/#website\"},\"primaryImageOfPage\":{\"@id\":\"https:\\\/\\\/www.unlockvenice.com\\\/de\\\/fondaco-dei-tedeschi-rialto\\\/#primaryimage\"},\"image\":{\"@id\":\"https:\\\/\\\/www.unlockvenice.com\\\/de\\\/fondaco-dei-tedeschi-rialto\\\/#primaryimage\"},\"thumbnailUrl\":\"https:\\\/\\\/www.unlockvenice.com\\\/wp-content\\\/uploads\\\/2026\\\/06\\\/aiep-featured-350.png\",\"datePublished\":\"2026-07-02T09:00:00+00:00\",\"dateModified\":\"2026-09-01T14:50:35+00:00\",\"breadcrumb\":{\"@id\":\"https:\\\/\\\/www.unlockvenice.com\\\/de\\\/fondaco-dei-tedeschi-rialto\\\/#breadcrumb\"},\"inLanguage\":\"de\",\"potentialAction\":[{\"@type\":\"ReadAction\",\"target\":[\"https:\\\/\\\/www.unlockvenice.com\\\/de\\\/fondaco-dei-tedeschi-rialto\\\/\"]}]},{\"@type\":\"ImageObject\",\"inLanguage\":\"de\",\"@id\":\"https:\\\/\\\/www.unlockvenice.com\\\/de\\\/fondaco-dei-tedeschi-rialto\\\/#primaryimage\",\"url\":\"https:\\\/\\\/www.unlockvenice.com\\\/wp-content\\\/uploads\\\/2026\\\/06\\\/aiep-featured-350.png\",\"contentUrl\":\"https:\\\/\\\/www.unlockvenice.com\\\/wp-content\\\/uploads\\\/2026\\\/06\\\/aiep-featured-350.png\",\"width\":1536,\"height\":1024,\"caption\":\"Disegno minimale del Fondaco dei Tedeschi vicino al ponte di Rialto\"},{\"@type\":\"BreadcrumbList\",\"@id\":\"https:\\\/\\\/www.unlockvenice.com\\\/de\\\/fondaco-dei-tedeschi-rialto\\\/#breadcrumb\",\"itemListElement\":[{\"@type\":\"ListItem\",\"position\":1,\"name\":\"Home\",\"item\":\"https:\\\/\\\/www.unlockvenice.com\\\/de\\\/\"},{\"@type\":\"ListItem\",\"position\":2,\"name\":\"Der Fondaco dei Tedeschi: vom Haus der nordischen Kaufleute zur zeitgen\u00f6ssischen Terrasse \u00fcber Rialto\"}]},{\"@type\":\"WebSite\",\"@id\":\"https:\\\/\\\/www.unlockvenice.com\\\/de\\\/#website\",\"url\":\"https:\\\/\\\/www.unlockvenice.com\\\/de\\\/\",\"name\":\"Unlock Venice\",\"description\":\"Guida a Venezia e soggiorni a Mestre\",\"publisher\":{\"@id\":\"https:\\\/\\\/www.unlockvenice.com\\\/de\\\/#organization\"},\"alternateName\":\"Unlock Venice\",\"potentialAction\":[{\"@type\":\"SearchAction\",\"target\":{\"@type\":\"EntryPoint\",\"urlTemplate\":\"https:\\\/\\\/www.unlockvenice.com\\\/de\\\/?s={search_term_string}\"},\"query-input\":{\"@type\":\"PropertyValueSpecification\",\"valueRequired\":true,\"valueName\":\"search_term_string\"}}],\"inLanguage\":\"de\"},{\"@type\":\"Organization\",\"@id\":\"https:\\\/\\\/www.unlockvenice.com\\\/de\\\/#organization\",\"name\":\"Unlock Venice\",\"alternateName\":\"U-Venice\",\"url\":\"https:\\\/\\\/www.unlockvenice.com\\\/de\\\/\",\"logo\":{\"@type\":\"ImageObject\",\"inLanguage\":\"de\",\"@id\":\"https:\\\/\\\/www.unlockvenice.com\\\/de\\\/#\\\/schema\\\/logo\\\/image\\\/\",\"url\":\"https:\\\/\\\/www.unlockvenice.com\\\/wp-content\\\/uploads\\\/2026\\\/05\\\/unlock.png\",\"contentUrl\":\"https:\\\/\\\/www.unlockvenice.com\\\/wp-content\\\/uploads\\\/2026\\\/05\\\/unlock.png\",\"width\":1254,\"height\":1254,\"caption\":\"Unlock Venice\"},\"image\":{\"@id\":\"https:\\\/\\\/www.unlockvenice.com\\\/de\\\/#\\\/schema\\\/logo\\\/image\\\/\"}},{\"@type\":\"Person\",\"@id\":\"https:\\\/\\\/www.unlockvenice.com\\\/de\\\/#\\\/schema\\\/person\\\/123bf2bab97e224370ddb9d83d8907cd\",\"name\":\"Matteo Curr\u00f2\",\"image\":{\"@type\":\"ImageObject\",\"inLanguage\":\"de\",\"@id\":\"https:\\\/\\\/www.unlockvenice.com\\\/wp-content\\\/litespeed\\\/avatar\\\/38502b640cc8eeaabca113105dce2c86.jpg?ver=1788339049\",\"url\":\"https:\\\/\\\/www.unlockvenice.com\\\/wp-content\\\/litespeed\\\/avatar\\\/38502b640cc8eeaabca113105dce2c86.jpg?ver=1788339049\",\"contentUrl\":\"https:\\\/\\\/www.unlockvenice.com\\\/wp-content\\\/litespeed\\\/avatar\\\/38502b640cc8eeaabca113105dce2c86.jpg?ver=1788339049\",\"caption\":\"Matteo Curr\u00f2\"},\"sameAs\":[\"http:\\\/\\\/www.unlockvenice.com\"]}]}<\/script>\n<!-- \/ Yoast SEO plugin. -->","yoast_head_json":{"title":"Der Fondaco dei Tedeschi: vom Haus der nordischen Kaufleute zur zeitgen\u00f6ssischen Terrasse \u00fcber Rialto &#8212; Unlock Venice","robots":{"index":"index","follow":"follow","max-snippet":"max-snippet:-1","max-image-preview":"max-image-preview:large","max-video-preview":"max-video-preview:-1"},"canonical":"https:\/\/www.unlockvenice.com\/de\/fondaco-dei-tedeschi-rialto\/","og_locale":"de_DE","og_type":"article","og_title":"Der Fondaco dei Tedeschi: vom Haus der nordischen Kaufleute zur zeitgen\u00f6ssischen Terrasse \u00fcber Rialto &#8212; Unlock Venice","og_description":"Geschichte, Architektur und heutige Lesart des Fondaco dei Tedeschi, zwischen Rialto, Canal Grande und Terrasse.","og_url":"https:\/\/www.unlockvenice.com\/de\/fondaco-dei-tedeschi-rialto\/","og_site_name":"Unlock Venice","article_published_time":"2026-07-02T09:00:00+00:00","article_modified_time":"2026-09-01T14:50:35+00:00","og_image":[{"width":1536,"height":1024,"url":"https:\/\/www.unlockvenice.com\/wp-content\/uploads\/2026\/06\/aiep-featured-350.png","type":"image\/png"}],"author":"Matteo Curr\u00f2","twitter_card":"summary_large_image","twitter_misc":{"Verfasst von":"Matteo Curr\u00f2","Gesch\u00e4tzte Lesezeit":"5\u00a0Minuten"},"schema":{"@context":"https:\/\/schema.org","@graph":[{"@type":"Article","@id":"https:\/\/www.unlockvenice.com\/de\/fondaco-dei-tedeschi-rialto\/#article","isPartOf":{"@id":"https:\/\/www.unlockvenice.com\/de\/fondaco-dei-tedeschi-rialto\/"},"author":{"name":"Matteo Curr\u00f2","@id":"https:\/\/www.unlockvenice.com\/de\/#\/schema\/person\/123bf2bab97e224370ddb9d83d8907cd"},"headline":"Der Fondaco dei Tedeschi: vom Haus der nordischen Kaufleute zur zeitgen\u00f6ssischen Terrasse \u00fcber Rialto","datePublished":"2026-07-02T09:00:00+00:00","dateModified":"2026-09-01T14:50:35+00:00","mainEntityOfPage":{"@id":"https:\/\/www.unlockvenice.com\/de\/fondaco-dei-tedeschi-rialto\/"},"wordCount":1032,"commentCount":0,"publisher":{"@id":"https:\/\/www.unlockvenice.com\/de\/#organization"},"image":{"@id":"https:\/\/www.unlockvenice.com\/de\/fondaco-dei-tedeschi-rialto\/#primaryimage"},"thumbnailUrl":"https:\/\/www.unlockvenice.com\/wp-content\/uploads\/2026\/06\/aiep-featured-350.png","keywords":["architettura","Canal Grande","Fondaco dei Tedeschi","Rialto","terrazza","Venezia"],"articleSection":["Arte e cultura"],"inLanguage":"de","potentialAction":[{"@type":"CommentAction","name":"Comment","target":["https:\/\/www.unlockvenice.com\/de\/fondaco-dei-tedeschi-rialto\/#respond"]}]},{"@type":"WebPage","@id":"https:\/\/www.unlockvenice.com\/de\/fondaco-dei-tedeschi-rialto\/","url":"https:\/\/www.unlockvenice.com\/de\/fondaco-dei-tedeschi-rialto\/","name":"Der Fondaco dei Tedeschi: vom Haus der nordischen Kaufleute zur zeitgen\u00f6ssischen Terrasse \u00fcber Rialto &#8212; Unlock Venice","isPartOf":{"@id":"https:\/\/www.unlockvenice.com\/de\/#website"},"primaryImageOfPage":{"@id":"https:\/\/www.unlockvenice.com\/de\/fondaco-dei-tedeschi-rialto\/#primaryimage"},"image":{"@id":"https:\/\/www.unlockvenice.com\/de\/fondaco-dei-tedeschi-rialto\/#primaryimage"},"thumbnailUrl":"https:\/\/www.unlockvenice.com\/wp-content\/uploads\/2026\/06\/aiep-featured-350.png","datePublished":"2026-07-02T09:00:00+00:00","dateModified":"2026-09-01T14:50:35+00:00","breadcrumb":{"@id":"https:\/\/www.unlockvenice.com\/de\/fondaco-dei-tedeschi-rialto\/#breadcrumb"},"inLanguage":"de","potentialAction":[{"@type":"ReadAction","target":["https:\/\/www.unlockvenice.com\/de\/fondaco-dei-tedeschi-rialto\/"]}]},{"@type":"ImageObject","inLanguage":"de","@id":"https:\/\/www.unlockvenice.com\/de\/fondaco-dei-tedeschi-rialto\/#primaryimage","url":"https:\/\/www.unlockvenice.com\/wp-content\/uploads\/2026\/06\/aiep-featured-350.png","contentUrl":"https:\/\/www.unlockvenice.com\/wp-content\/uploads\/2026\/06\/aiep-featured-350.png","width":1536,"height":1024,"caption":"Disegno minimale del Fondaco dei Tedeschi vicino al ponte di Rialto"},{"@type":"BreadcrumbList","@id":"https:\/\/www.unlockvenice.com\/de\/fondaco-dei-tedeschi-rialto\/#breadcrumb","itemListElement":[{"@type":"ListItem","position":1,"name":"Home","item":"https:\/\/www.unlockvenice.com\/de\/"},{"@type":"ListItem","position":2,"name":"Der Fondaco dei Tedeschi: vom Haus der nordischen Kaufleute zur zeitgen\u00f6ssischen Terrasse \u00fcber Rialto"}]},{"@type":"WebSite","@id":"https:\/\/www.unlockvenice.com\/de\/#website","url":"https:\/\/www.unlockvenice.com\/de\/","name":"Unlock Venice","description":"Guida a Venezia e soggiorni a Mestre","publisher":{"@id":"https:\/\/www.unlockvenice.com\/de\/#organization"},"alternateName":"Unlock Venice","potentialAction":[{"@type":"SearchAction","target":{"@type":"EntryPoint","urlTemplate":"https:\/\/www.unlockvenice.com\/de\/?s={search_term_string}"},"query-input":{"@type":"PropertyValueSpecification","valueRequired":true,"valueName":"search_term_string"}}],"inLanguage":"de"},{"@type":"Organization","@id":"https:\/\/www.unlockvenice.com\/de\/#organization","name":"Unlock Venice","alternateName":"U-Venice","url":"https:\/\/www.unlockvenice.com\/de\/","logo":{"@type":"ImageObject","inLanguage":"de","@id":"https:\/\/www.unlockvenice.com\/de\/#\/schema\/logo\/image\/","url":"https:\/\/www.unlockvenice.com\/wp-content\/uploads\/2026\/05\/unlock.png","contentUrl":"https:\/\/www.unlockvenice.com\/wp-content\/uploads\/2026\/05\/unlock.png","width":1254,"height":1254,"caption":"Unlock Venice"},"image":{"@id":"https:\/\/www.unlockvenice.com\/de\/#\/schema\/logo\/image\/"}},{"@type":"Person","@id":"https:\/\/www.unlockvenice.com\/de\/#\/schema\/person\/123bf2bab97e224370ddb9d83d8907cd","name":"Matteo Curr\u00f2","image":{"@type":"ImageObject","inLanguage":"de","@id":"https:\/\/www.unlockvenice.com\/wp-content\/litespeed\/avatar\/38502b640cc8eeaabca113105dce2c86.jpg?ver=1788339049","url":"https:\/\/www.unlockvenice.com\/wp-content\/litespeed\/avatar\/38502b640cc8eeaabca113105dce2c86.jpg?ver=1788339049","contentUrl":"https:\/\/www.unlockvenice.com\/wp-content\/litespeed\/avatar\/38502b640cc8eeaabca113105dce2c86.jpg?ver=1788339049","caption":"Matteo Curr\u00f2"},"sameAs":["http:\/\/www.unlockvenice.com"]}]}},"_links":{"self":[{"href":"https:\/\/www.unlockvenice.com\/de\/wp-json\/wp\/v2\/posts\/2495","targetHints":{"allow":["GET"]}}],"collection":[{"href":"https:\/\/www.unlockvenice.com\/de\/wp-json\/wp\/v2\/posts"}],"about":[{"href":"https:\/\/www.unlockvenice.com\/de\/wp-json\/wp\/v2\/types\/post"}],"author":[{"embeddable":true,"href":"https:\/\/www.unlockvenice.com\/de\/wp-json\/wp\/v2\/users\/1"}],"replies":[{"embeddable":true,"href":"https:\/\/www.unlockvenice.com\/de\/wp-json\/wp\/v2\/comments?post=2495"}],"version-history":[{"count":1,"href":"https:\/\/www.unlockvenice.com\/de\/wp-json\/wp\/v2\/posts\/2495\/revisions"}],"predecessor-version":[{"id":2497,"href":"https:\/\/www.unlockvenice.com\/de\/wp-json\/wp\/v2\/posts\/2495\/revisions\/2497"}],"wp:featuredmedia":[{"embeddable":true,"href":"https:\/\/www.unlockvenice.com\/de\/wp-json\/wp\/v2\/media\/351"}],"wp:attachment":[{"href":"https:\/\/www.unlockvenice.com\/de\/wp-json\/wp\/v2\/media?parent=2495"}],"wp:term":[{"taxonomy":"category","embeddable":true,"href":"https:\/\/www.unlockvenice.com\/de\/wp-json\/wp\/v2\/categories?post=2495"},{"taxonomy":"post_tag","embeddable":true,"href":"https:\/\/www.unlockvenice.com\/de\/wp-json\/wp\/v2\/tags?post=2495"}],"curies":[{"name":"wp","href":"https:\/\/api.w.org\/{rel}","templated":true}]}}