{"id":2204,"date":"2026-06-28T09:00:00","date_gmt":"2026-06-28T07:00:00","guid":{"rendered":"https:\/\/www.unlockvenice.com\/?p=2204"},"modified":"2026-09-01T15:53:06","modified_gmt":"2026-09-01T13:53:06","slug":"venezianische-altane-blonde-haare-frauen","status":"publish","type":"post","link":"https:\/\/www.unlockvenice.com\/de\/venezianische-altane-blonde-haare-frauen\/","title":{"rendered":"Die venezianischen Altane und die blonden Haare der Frauen: zwischen Brauch, Sonne und volkst\u00fcmlicher Erz\u00e4hlung"},"content":{"rendered":"<p>Die venezianischen Altane sind eine diskrete, aber aufschlussreiche Erscheinung: Holzterrassen, die \u00fcber den D\u00e4chern schweben, aus praktischen Bed\u00fcrfnissen entstanden und Teil der st\u00e4dtischen Landschaft geworden sind. Von dort oben h\u00e4ngte man W\u00e4sche auf, suchte Luft, beobachtete die Stadt aus einer privaten H\u00f6he. Doch die Altane sind auch mit einem viel erz\u00e4hlten Bild verbunden: den venezianischen Frauen in der Sonne, damit besch\u00e4ftigt, ihre Haare mit Lotionen und Geduld aufzuhellen. Zwischen allt\u00e4glichem Gebrauch, Mode, Malerei und volkst\u00fcmlicher Erinnerung helfen diese Strukturen, Venedig nicht nur von unten, von den Pl\u00e4tzen und Gassen aus, zu lesen, sondern auch aus seinem h\u00f6heren und verborgensten h\u00e4uslichen Leben.<\/p>\n<h2>Was die venezianischen Altane sind<\/h2>\n<p>Die <strong>venezianische Altana<\/strong> ist eine kleine, offene und erh\u00f6hte Holzterrasse, die \u00fcber dem Dach der H\u00e4user errichtet ist. Sie darf nicht mit einem Balkon verwechselt werden: Die Altana ragt nicht aus der Fassade heraus, sondern liegt auf dem oberen Teil des Geb\u00e4udes auf, oft als Plattform, die von innen \u00fcber schmale Treppen oder Dachgauben erreichbar ist.<\/p>\n<p>In einer dichten, feuchten und auf dem Wasser erbauten Stadt hatte dieser Raum eine konkrete Funktion: Er bot Luft, Sonne und einen trockenen Ort, an dem man W\u00e4sche aufh\u00e4ngen, die Nachbarschaft beobachten oder h\u00e4usliche T\u00e4tigkeiten fern von den schattigen Gassen verrichten konnte. Seine leichte Struktur aus Balken und Brettern erm\u00f6glichte es, Licht zu gewinnen, ohne das Haus radikal zu ver\u00e4ndern.<\/p>\n<p>Gerade diese Aussetzung an die Sonne machte die Altana zu einem Teil der Erz\u00e4hlung \u00fcber die <em>blonden Haare der venezianischen Frauen<\/em>. Der Tradition zufolge setzten sich die Frauen hierher, um ihr Haar aufzuhellen, indem sie Pr\u00e4parate verwendeten und lange in direktem Licht warteten. Noch vor dem Brauch ist die Altana also ein architektonisches Element, das aus einer typisch venezianischen st\u00e4dtischen Notwendigkeit entstanden ist.<\/p>\n<h2>Sonne, Lotionen und blonde Haare<\/h2>\n<p>Die merkw\u00fcrdigste Verbindung zwischen den Altane und dem weiblichen venezianischen Leben betrifft das Aufhellen der Haare. In den hohen und dicht stehenden H\u00e4usern der Stadt, in denen die Gassen nur wenig Licht durchlie\u00dfen, wurde das Dach zum idealen Ort, um sich der Sonne auszusetzen. Die Frauen stiegen in den hellsten Stunden hinauf, oft lange sitzend, mit ausgebreitetem Haar, das mit Pr\u00e4paraten behandelt war, die dazu gedacht waren, helle Reflexe zu betonen.<\/p>\n<p>Die Quellen und die Tradition erinnern an die Verwendung von Lotionen auf der Grundlage einfacher Zutaten, wie pflanzlichen Aufg\u00fcssen, parf\u00fcmiertem Wasser, Asche oder alkalischen Stoffen aus Lauge, bisweilen mit sauren Elementen vermischt. Es waren keine risikolosen Handlungen: Die Sonne, verbunden mit aggressiven Mischungen, konnte die Haare austrocknen und die Haut reizen. Gerade deshalb erschien auch ein charakteristisches Accessoire, die <em>solana<\/em> oder der Expositionshut: eine breite Krempe mit zentraler \u00d6ffnung, n\u00fctzlich, um das Gesicht zu sch\u00fctzen und zugleich die Str\u00e4hnen herausfallen zu lassen.<\/p>\n<p><!-- AIEP_INLINE_IMAGE_SLOT:inline_1 --><\/p>\n<figure class=\"wp-block-image size-large aiep-inline-image\"><img decoding=\"async\" src=\"https:\/\/www.unlockvenice.com\/wp-content\/uploads\/2026\/09\/aiep-inline-263-inline_1.png\" alt=\"Illustration zu Die venezianischen Altane und die blonden Haare der Frauen: zwischen Brauch, Sonne und volkst\u00fcmlicher Erz\u00e4hlung\" \/><\/figure>\n<p>Aus dieser Praxis entsteht das Bild des sogenannten <strong>venezianischen Blond<\/strong>, einer warmen, goldenen oder kupferfarbenen Farbe, die in der Malerei zwischen dem 15. und 16. Jahrhundert gefeiert wurde. Die Altana war daher nicht nur ein h\u00e4uslicher Raum: Sie wurde auch zu einer kleinen gesellschaftlichen B\u00fchne, auf der K\u00f6rperpflege, Mode und der Wunsch nach Sichtbarkeit der Sonne der Lagune begegneten.<\/p>\n<h2>Zwischen Brauch, Malerei und volkst\u00fcmlicher Erz\u00e4hlung<\/h2>\n<p>Die Praxis der Altana ging bald in die Vorstellungswelt der Stadt ein, weil sie allt\u00e4gliche Geste und Darstellung verband. In den Kost\u00fcmrepertoires des sp\u00e4ten 16. Jahrhunderts, wie den <em>Habiti antichi et moderni<\/em> von Cesare Vecellio, erscheinen die Venezianerinnen oft erkennbar an aufwendigen Frisuren, kostbaren Stoffen und einer Pflege des \u00c4u\u00dferen, die mit dem internationalen Ruhm der Serenissima im Dialog steht. Das sogenannte \u201evenezianische Blond\u201c, warm und kupferfarben, war nicht nur ein mit Lotionen und Sonne angestrebter Effekt: Es wurde auch zu einem visuellen Zeichen, das mit urbaner Raffinesse verbunden war.<\/p>\n<p>Auch die Malerei trug dazu bei, diese Erinnerung festzuhalten. In den Gem\u00e4lden von Tizian, Veronese oder Palma il Vecchio sind die goldenen und leuchtenden Haarm\u00e4hnen nicht als einfache h\u00e4usliche Chronik zu lesen, sondern als \u00e4sthetischer Code: Sch\u00f6nheit, Status, kontrollierte Sinnlichkeit, Geschmack f\u00fcr Farbe. Die volkst\u00fcmliche Erz\u00e4hlung verwandelte die Altana dann in eine fast theatralische Szene: eine Figur, die zwischen Himmel und D\u00e4chern hervorschaut, mit der <em>solana<\/em> aus Stroh und den parf\u00fcmierten Pr\u00e4paraten, schwebend zwischen Mode, Eitelkeit und h\u00e4uslichem Leben.<\/p>\n<h2>Wie man sie heute beim Spaziergang durch Venedig liest<\/h2>\n<p>Um eine Altana zu erkennen, ohne in die Postkarte zu verfallen, sollte man mit architektonischer Aufmerksamkeit nach oben schauen. Sie ist keine einfache Terrasse: Meist erscheint sie als h\u00f6lzerne Plattform, die \u00fcber dem Dach liegt, oft gegen\u00fcber der Fassade zur\u00fcckgesetzt, mit leichtem Gel\u00e4nder und Zugang vom Dachboden. Ihre Lage erz\u00e4hlt von einer dichten Stadt, in der der h\u00e4usliche Raum Luft, Licht und Ausblick jenseits der engen Gassen suchte.<\/p>\n<p>In den st\u00e4rker bewohnten Sestieri, von Dorsoduro bis Cannaregio, l\u00e4sst sich die Altana gut lesen, wenn sie zwischen Schornsteinen, Dachziegeln und Gauben auftaucht. Die Verbindung mit dem Aufhellen der Haarm\u00e4hnen ist so zu interpretieren: nicht als isolierte Kuriosit\u00e4t, sondern als private Nutzung eines ausgesetzten, gesch\u00fctzten und zugleich sichtbaren Ortes. Die Ausrichtung, die H\u00f6he und die Beziehung zu Fenstern und H\u00f6fen zu beobachten, hilft zu verstehen, warum gerade diese R\u00e4ume zu Schaupl\u00e4tzen \u00e4sthetischer Praktiken, famili\u00e4rer Erinnerung und venezianischer Vorstellungswelt geworden sind.<\/p>\n<p>Die Altane beim Spaziergang durch Venedig zu betrachten bedeutet, eine weniger unmittelbare Ebene der Stadt wahrzunehmen: die der D\u00e4cher, der h\u00e4uslichen Gewohnheiten, der \u00fcber die Zeit wiederholten Gesten. Die Erz\u00e4hlung von den blonden Haaren, zwischen historischer Wirklichkeit und Vorstellungswelt, sollte nicht als blo\u00dfe pittoreske Kuriosit\u00e4t verstanden werden, sondern als Hinweis auf eine Gesellschaft, die auf Erscheinung, Licht und verf\u00fcgbare R\u00e4ume achtete. Heute sind viele Altane restauriert, ver\u00e4ndert, bisweilen zwischen Schornsteinen und Antennen fast unsichtbar. Sie zu erkennen erm\u00f6glicht es, Venedig genauer zu beobachten und die kontinuierliche Beziehung zwischen Architektur, Klima, Brauch und Alltagsleben zu erfassen.<\/p>\n","protected":false},"excerpt":{"rendered":"<p>Geschichte und Mythos der venezianischen Altane, zwischen Architektur auf den D\u00e4chern, weiblichen Praktiken, Sonne, Sch\u00f6nheit und volkst\u00fcmlicher Erz\u00e4hlung.<\/p>\n","protected":false},"author":1,"featured_media":2108,"comment_status":"open","ping_status":"open","sticky":false,"template":"","format":"standard","meta":{"footnotes":""},"categories":[19],"tags":[116,1287,1288,94,1289,10],"class_list":["post-2204","post","type-post","status-publish","format-standard","has-post-thumbnail","hentry","category-dettagli-veneziani","tag-altane","tag-capelli-biondi-de","tag-costume-veneziano-de","tag-dettagli-urbani","tag-storia-quotidiana-de","tag-venezia"],"yoast_head":"<!-- This site is optimized with the Yoast SEO plugin v28.4 - https:\/\/yoast.com\/product\/yoast-seo-wordpress\/ -->\n<title>Die venezianischen Altane und die blonden Haare der Frauen: zwischen Brauch, Sonne und volkst\u00fcmlicher Erz\u00e4hlung &#8212; Unlock Venice<\/title>\n<meta name=\"robots\" content=\"index, follow, max-snippet:-1, max-image-preview:large, max-video-preview:-1\" \/>\n<link rel=\"canonical\" href=\"https:\/\/www.unlockvenice.com\/de\/venezianische-altane-blonde-haare-frauen\/\" \/>\n<meta property=\"og:locale\" content=\"de_DE\" \/>\n<meta property=\"og:type\" content=\"article\" \/>\n<meta property=\"og:title\" content=\"Die venezianischen Altane und die blonden Haare der Frauen: zwischen Brauch, Sonne und volkst\u00fcmlicher Erz\u00e4hlung &#8212; Unlock Venice\" \/>\n<meta property=\"og:description\" content=\"Geschichte und Mythos der venezianischen Altane, zwischen Architektur auf den D\u00e4chern, weiblichen Praktiken, Sonne, Sch\u00f6nheit und volkst\u00fcmlicher Erz\u00e4hlung.\" \/>\n<meta property=\"og:url\" content=\"https:\/\/www.unlockvenice.com\/de\/venezianische-altane-blonde-haare-frauen\/\" \/>\n<meta property=\"og:site_name\" content=\"Unlock Venice\" \/>\n<meta property=\"article:published_time\" content=\"2026-06-28T07:00:00+00:00\" \/>\n<meta property=\"article:modified_time\" content=\"2026-09-01T13:53:06+00:00\" \/>\n<meta property=\"og:image\" content=\"https:\/\/www.unlockvenice.com\/wp-content\/uploads\/2026\/09\/aiep-featured-263.png\" \/>\n\t<meta property=\"og:image:width\" content=\"1536\" \/>\n\t<meta property=\"og:image:height\" content=\"1024\" \/>\n\t<meta property=\"og:image:type\" content=\"image\/png\" \/>\n<meta name=\"author\" content=\"Matteo Curr\u00f2\" \/>\n<meta name=\"twitter:card\" content=\"summary_large_image\" \/>\n<meta name=\"twitter:label1\" content=\"Verfasst von\" \/>\n\t<meta name=\"twitter:data1\" content=\"Matteo Curr\u00f2\" \/>\n\t<meta name=\"twitter:label2\" content=\"Gesch\u00e4tzte Lesezeit\" \/>\n\t<meta name=\"twitter:data2\" content=\"5\u00a0Minuten\" \/>\n<script type=\"application\/ld+json\" class=\"yoast-schema-graph\">{\"@context\":\"https:\\\/\\\/schema.org\",\"@graph\":[{\"@type\":\"Article\",\"@id\":\"https:\\\/\\\/www.unlockvenice.com\\\/de\\\/venezianische-altane-blonde-haare-frauen\\\/#article\",\"isPartOf\":{\"@id\":\"https:\\\/\\\/www.unlockvenice.com\\\/de\\\/venezianische-altane-blonde-haare-frauen\\\/\"},\"author\":{\"name\":\"Matteo Curr\u00f2\",\"@id\":\"https:\\\/\\\/www.unlockvenice.com\\\/de\\\/#\\\/schema\\\/person\\\/123bf2bab97e224370ddb9d83d8907cd\"},\"headline\":\"Die venezianischen Altane und die blonden Haare der Frauen: zwischen Brauch, Sonne und volkst\u00fcmlicher Erz\u00e4hlung\",\"datePublished\":\"2026-06-28T07:00:00+00:00\",\"dateModified\":\"2026-09-01T13:53:06+00:00\",\"mainEntityOfPage\":{\"@id\":\"https:\\\/\\\/www.unlockvenice.com\\\/de\\\/venezianische-altane-blonde-haare-frauen\\\/\"},\"wordCount\":1022,\"commentCount\":0,\"publisher\":{\"@id\":\"https:\\\/\\\/www.unlockvenice.com\\\/de\\\/#organization\"},\"image\":{\"@id\":\"https:\\\/\\\/www.unlockvenice.com\\\/de\\\/venezianische-altane-blonde-haare-frauen\\\/#primaryimage\"},\"thumbnailUrl\":\"https:\\\/\\\/www.unlockvenice.com\\\/wp-content\\\/uploads\\\/2026\\\/09\\\/aiep-featured-263.png\",\"keywords\":[\"altane\",\"capelli biondi\",\"costume veneziano\",\"dettagli urbani\",\"storia quotidiana\",\"Venezia\"],\"articleSection\":[\"Dettagli veneziani\"],\"inLanguage\":\"de\",\"potentialAction\":[{\"@type\":\"CommentAction\",\"name\":\"Comment\",\"target\":[\"https:\\\/\\\/www.unlockvenice.com\\\/de\\\/venezianische-altane-blonde-haare-frauen\\\/#respond\"]}]},{\"@type\":\"WebPage\",\"@id\":\"https:\\\/\\\/www.unlockvenice.com\\\/de\\\/venezianische-altane-blonde-haare-frauen\\\/\",\"url\":\"https:\\\/\\\/www.unlockvenice.com\\\/de\\\/venezianische-altane-blonde-haare-frauen\\\/\",\"name\":\"Die venezianischen Altane und die blonden Haare der Frauen: zwischen Brauch, Sonne und volkst\u00fcmlicher Erz\u00e4hlung &#8212; Unlock Venice\",\"isPartOf\":{\"@id\":\"https:\\\/\\\/www.unlockvenice.com\\\/de\\\/#website\"},\"primaryImageOfPage\":{\"@id\":\"https:\\\/\\\/www.unlockvenice.com\\\/de\\\/venezianische-altane-blonde-haare-frauen\\\/#primaryimage\"},\"image\":{\"@id\":\"https:\\\/\\\/www.unlockvenice.com\\\/de\\\/venezianische-altane-blonde-haare-frauen\\\/#primaryimage\"},\"thumbnailUrl\":\"https:\\\/\\\/www.unlockvenice.com\\\/wp-content\\\/uploads\\\/2026\\\/09\\\/aiep-featured-263.png\",\"datePublished\":\"2026-06-28T07:00:00+00:00\",\"dateModified\":\"2026-09-01T13:53:06+00:00\",\"breadcrumb\":{\"@id\":\"https:\\\/\\\/www.unlockvenice.com\\\/de\\\/venezianische-altane-blonde-haare-frauen\\\/#breadcrumb\"},\"inLanguage\":\"de\",\"potentialAction\":[{\"@type\":\"ReadAction\",\"target\":[\"https:\\\/\\\/www.unlockvenice.com\\\/de\\\/venezianische-altane-blonde-haare-frauen\\\/\"]}]},{\"@type\":\"ImageObject\",\"inLanguage\":\"de\",\"@id\":\"https:\\\/\\\/www.unlockvenice.com\\\/de\\\/venezianische-altane-blonde-haare-frauen\\\/#primaryimage\",\"url\":\"https:\\\/\\\/www.unlockvenice.com\\\/wp-content\\\/uploads\\\/2026\\\/09\\\/aiep-featured-263.png\",\"contentUrl\":\"https:\\\/\\\/www.unlockvenice.com\\\/wp-content\\\/uploads\\\/2026\\\/09\\\/aiep-featured-263.png\",\"width\":1536,\"height\":1024,\"caption\":\"Altana veneziana sui tetti con figura femminile stilizzata al sole\"},{\"@type\":\"BreadcrumbList\",\"@id\":\"https:\\\/\\\/www.unlockvenice.com\\\/de\\\/venezianische-altane-blonde-haare-frauen\\\/#breadcrumb\",\"itemListElement\":[{\"@type\":\"ListItem\",\"position\":1,\"name\":\"Home\",\"item\":\"https:\\\/\\\/www.unlockvenice.com\\\/de\\\/\"},{\"@type\":\"ListItem\",\"position\":2,\"name\":\"Die venezianischen Altane und die blonden Haare der Frauen: zwischen Brauch, Sonne und volkst\u00fcmlicher Erz\u00e4hlung\"}]},{\"@type\":\"WebSite\",\"@id\":\"https:\\\/\\\/www.unlockvenice.com\\\/de\\\/#website\",\"url\":\"https:\\\/\\\/www.unlockvenice.com\\\/de\\\/\",\"name\":\"Unlock Venice\",\"description\":\"Guida a Venezia e soggiorni a Mestre\",\"publisher\":{\"@id\":\"https:\\\/\\\/www.unlockvenice.com\\\/de\\\/#organization\"},\"alternateName\":\"Unlock Venice\",\"potentialAction\":[{\"@type\":\"SearchAction\",\"target\":{\"@type\":\"EntryPoint\",\"urlTemplate\":\"https:\\\/\\\/www.unlockvenice.com\\\/de\\\/?s={search_term_string}\"},\"query-input\":{\"@type\":\"PropertyValueSpecification\",\"valueRequired\":true,\"valueName\":\"search_term_string\"}}],\"inLanguage\":\"de\"},{\"@type\":\"Organization\",\"@id\":\"https:\\\/\\\/www.unlockvenice.com\\\/de\\\/#organization\",\"name\":\"Unlock Venice\",\"alternateName\":\"U-Venice\",\"url\":\"https:\\\/\\\/www.unlockvenice.com\\\/de\\\/\",\"logo\":{\"@type\":\"ImageObject\",\"inLanguage\":\"de\",\"@id\":\"https:\\\/\\\/www.unlockvenice.com\\\/de\\\/#\\\/schema\\\/logo\\\/image\\\/\",\"url\":\"https:\\\/\\\/www.unlockvenice.com\\\/wp-content\\\/uploads\\\/2026\\\/05\\\/unlock.png\",\"contentUrl\":\"https:\\\/\\\/www.unlockvenice.com\\\/wp-content\\\/uploads\\\/2026\\\/05\\\/unlock.png\",\"width\":1254,\"height\":1254,\"caption\":\"Unlock Venice\"},\"image\":{\"@id\":\"https:\\\/\\\/www.unlockvenice.com\\\/de\\\/#\\\/schema\\\/logo\\\/image\\\/\"}},{\"@type\":\"Person\",\"@id\":\"https:\\\/\\\/www.unlockvenice.com\\\/de\\\/#\\\/schema\\\/person\\\/123bf2bab97e224370ddb9d83d8907cd\",\"name\":\"Matteo Curr\u00f2\",\"image\":{\"@type\":\"ImageObject\",\"inLanguage\":\"de\",\"@id\":\"https:\\\/\\\/www.unlockvenice.com\\\/wp-content\\\/litespeed\\\/avatar\\\/38502b640cc8eeaabca113105dce2c86.jpg?ver=1788339049\",\"url\":\"https:\\\/\\\/www.unlockvenice.com\\\/wp-content\\\/litespeed\\\/avatar\\\/38502b640cc8eeaabca113105dce2c86.jpg?ver=1788339049\",\"contentUrl\":\"https:\\\/\\\/www.unlockvenice.com\\\/wp-content\\\/litespeed\\\/avatar\\\/38502b640cc8eeaabca113105dce2c86.jpg?ver=1788339049\",\"caption\":\"Matteo Curr\u00f2\"},\"sameAs\":[\"http:\\\/\\\/www.unlockvenice.com\"]}]}<\/script>\n<!-- \/ Yoast SEO plugin. -->","yoast_head_json":{"title":"Die venezianischen Altane und die blonden Haare der Frauen: zwischen Brauch, Sonne und volkst\u00fcmlicher Erz\u00e4hlung &#8212; Unlock Venice","robots":{"index":"index","follow":"follow","max-snippet":"max-snippet:-1","max-image-preview":"max-image-preview:large","max-video-preview":"max-video-preview:-1"},"canonical":"https:\/\/www.unlockvenice.com\/de\/venezianische-altane-blonde-haare-frauen\/","og_locale":"de_DE","og_type":"article","og_title":"Die venezianischen Altane und die blonden Haare der Frauen: zwischen Brauch, Sonne und volkst\u00fcmlicher Erz\u00e4hlung &#8212; Unlock Venice","og_description":"Geschichte und Mythos der venezianischen Altane, zwischen Architektur auf den D\u00e4chern, weiblichen Praktiken, Sonne, Sch\u00f6nheit und volkst\u00fcmlicher Erz\u00e4hlung.","og_url":"https:\/\/www.unlockvenice.com\/de\/venezianische-altane-blonde-haare-frauen\/","og_site_name":"Unlock Venice","article_published_time":"2026-06-28T07:00:00+00:00","article_modified_time":"2026-09-01T13:53:06+00:00","og_image":[{"width":1536,"height":1024,"url":"https:\/\/www.unlockvenice.com\/wp-content\/uploads\/2026\/09\/aiep-featured-263.png","type":"image\/png"}],"author":"Matteo Curr\u00f2","twitter_card":"summary_large_image","twitter_misc":{"Verfasst von":"Matteo Curr\u00f2","Gesch\u00e4tzte Lesezeit":"5\u00a0Minuten"},"schema":{"@context":"https:\/\/schema.org","@graph":[{"@type":"Article","@id":"https:\/\/www.unlockvenice.com\/de\/venezianische-altane-blonde-haare-frauen\/#article","isPartOf":{"@id":"https:\/\/www.unlockvenice.com\/de\/venezianische-altane-blonde-haare-frauen\/"},"author":{"name":"Matteo Curr\u00f2","@id":"https:\/\/www.unlockvenice.com\/de\/#\/schema\/person\/123bf2bab97e224370ddb9d83d8907cd"},"headline":"Die venezianischen Altane und die blonden Haare der Frauen: zwischen Brauch, Sonne und volkst\u00fcmlicher Erz\u00e4hlung","datePublished":"2026-06-28T07:00:00+00:00","dateModified":"2026-09-01T13:53:06+00:00","mainEntityOfPage":{"@id":"https:\/\/www.unlockvenice.com\/de\/venezianische-altane-blonde-haare-frauen\/"},"wordCount":1022,"commentCount":0,"publisher":{"@id":"https:\/\/www.unlockvenice.com\/de\/#organization"},"image":{"@id":"https:\/\/www.unlockvenice.com\/de\/venezianische-altane-blonde-haare-frauen\/#primaryimage"},"thumbnailUrl":"https:\/\/www.unlockvenice.com\/wp-content\/uploads\/2026\/09\/aiep-featured-263.png","keywords":["altane","capelli biondi","costume veneziano","dettagli urbani","storia quotidiana","Venezia"],"articleSection":["Dettagli veneziani"],"inLanguage":"de","potentialAction":[{"@type":"CommentAction","name":"Comment","target":["https:\/\/www.unlockvenice.com\/de\/venezianische-altane-blonde-haare-frauen\/#respond"]}]},{"@type":"WebPage","@id":"https:\/\/www.unlockvenice.com\/de\/venezianische-altane-blonde-haare-frauen\/","url":"https:\/\/www.unlockvenice.com\/de\/venezianische-altane-blonde-haare-frauen\/","name":"Die venezianischen Altane und die blonden Haare der Frauen: zwischen Brauch, Sonne und volkst\u00fcmlicher Erz\u00e4hlung &#8212; Unlock Venice","isPartOf":{"@id":"https:\/\/www.unlockvenice.com\/de\/#website"},"primaryImageOfPage":{"@id":"https:\/\/www.unlockvenice.com\/de\/venezianische-altane-blonde-haare-frauen\/#primaryimage"},"image":{"@id":"https:\/\/www.unlockvenice.com\/de\/venezianische-altane-blonde-haare-frauen\/#primaryimage"},"thumbnailUrl":"https:\/\/www.unlockvenice.com\/wp-content\/uploads\/2026\/09\/aiep-featured-263.png","datePublished":"2026-06-28T07:00:00+00:00","dateModified":"2026-09-01T13:53:06+00:00","breadcrumb":{"@id":"https:\/\/www.unlockvenice.com\/de\/venezianische-altane-blonde-haare-frauen\/#breadcrumb"},"inLanguage":"de","potentialAction":[{"@type":"ReadAction","target":["https:\/\/www.unlockvenice.com\/de\/venezianische-altane-blonde-haare-frauen\/"]}]},{"@type":"ImageObject","inLanguage":"de","@id":"https:\/\/www.unlockvenice.com\/de\/venezianische-altane-blonde-haare-frauen\/#primaryimage","url":"https:\/\/www.unlockvenice.com\/wp-content\/uploads\/2026\/09\/aiep-featured-263.png","contentUrl":"https:\/\/www.unlockvenice.com\/wp-content\/uploads\/2026\/09\/aiep-featured-263.png","width":1536,"height":1024,"caption":"Altana veneziana sui tetti con figura femminile stilizzata al sole"},{"@type":"BreadcrumbList","@id":"https:\/\/www.unlockvenice.com\/de\/venezianische-altane-blonde-haare-frauen\/#breadcrumb","itemListElement":[{"@type":"ListItem","position":1,"name":"Home","item":"https:\/\/www.unlockvenice.com\/de\/"},{"@type":"ListItem","position":2,"name":"Die venezianischen Altane und die blonden Haare der Frauen: zwischen Brauch, Sonne und volkst\u00fcmlicher Erz\u00e4hlung"}]},{"@type":"WebSite","@id":"https:\/\/www.unlockvenice.com\/de\/#website","url":"https:\/\/www.unlockvenice.com\/de\/","name":"Unlock Venice","description":"Guida a Venezia e soggiorni a Mestre","publisher":{"@id":"https:\/\/www.unlockvenice.com\/de\/#organization"},"alternateName":"Unlock Venice","potentialAction":[{"@type":"SearchAction","target":{"@type":"EntryPoint","urlTemplate":"https:\/\/www.unlockvenice.com\/de\/?s={search_term_string}"},"query-input":{"@type":"PropertyValueSpecification","valueRequired":true,"valueName":"search_term_string"}}],"inLanguage":"de"},{"@type":"Organization","@id":"https:\/\/www.unlockvenice.com\/de\/#organization","name":"Unlock Venice","alternateName":"U-Venice","url":"https:\/\/www.unlockvenice.com\/de\/","logo":{"@type":"ImageObject","inLanguage":"de","@id":"https:\/\/www.unlockvenice.com\/de\/#\/schema\/logo\/image\/","url":"https:\/\/www.unlockvenice.com\/wp-content\/uploads\/2026\/05\/unlock.png","contentUrl":"https:\/\/www.unlockvenice.com\/wp-content\/uploads\/2026\/05\/unlock.png","width":1254,"height":1254,"caption":"Unlock Venice"},"image":{"@id":"https:\/\/www.unlockvenice.com\/de\/#\/schema\/logo\/image\/"}},{"@type":"Person","@id":"https:\/\/www.unlockvenice.com\/de\/#\/schema\/person\/123bf2bab97e224370ddb9d83d8907cd","name":"Matteo Curr\u00f2","image":{"@type":"ImageObject","inLanguage":"de","@id":"https:\/\/www.unlockvenice.com\/wp-content\/litespeed\/avatar\/38502b640cc8eeaabca113105dce2c86.jpg?ver=1788339049","url":"https:\/\/www.unlockvenice.com\/wp-content\/litespeed\/avatar\/38502b640cc8eeaabca113105dce2c86.jpg?ver=1788339049","contentUrl":"https:\/\/www.unlockvenice.com\/wp-content\/litespeed\/avatar\/38502b640cc8eeaabca113105dce2c86.jpg?ver=1788339049","caption":"Matteo Curr\u00f2"},"sameAs":["http:\/\/www.unlockvenice.com"]}]}},"_links":{"self":[{"href":"https:\/\/www.unlockvenice.com\/de\/wp-json\/wp\/v2\/posts\/2204","targetHints":{"allow":["GET"]}}],"collection":[{"href":"https:\/\/www.unlockvenice.com\/de\/wp-json\/wp\/v2\/posts"}],"about":[{"href":"https:\/\/www.unlockvenice.com\/de\/wp-json\/wp\/v2\/types\/post"}],"author":[{"embeddable":true,"href":"https:\/\/www.unlockvenice.com\/de\/wp-json\/wp\/v2\/users\/1"}],"replies":[{"embeddable":true,"href":"https:\/\/www.unlockvenice.com\/de\/wp-json\/wp\/v2\/comments?post=2204"}],"version-history":[{"count":1,"href":"https:\/\/www.unlockvenice.com\/de\/wp-json\/wp\/v2\/posts\/2204\/revisions"}],"predecessor-version":[{"id":2206,"href":"https:\/\/www.unlockvenice.com\/de\/wp-json\/wp\/v2\/posts\/2204\/revisions\/2206"}],"wp:featuredmedia":[{"embeddable":true,"href":"https:\/\/www.unlockvenice.com\/de\/wp-json\/wp\/v2\/media\/2108"}],"wp:attachment":[{"href":"https:\/\/www.unlockvenice.com\/de\/wp-json\/wp\/v2\/media?parent=2204"}],"wp:term":[{"taxonomy":"category","embeddable":true,"href":"https:\/\/www.unlockvenice.com\/de\/wp-json\/wp\/v2\/categories?post=2204"},{"taxonomy":"post_tag","embeddable":true,"href":"https:\/\/www.unlockvenice.com\/de\/wp-json\/wp\/v2\/tags?post=2204"}],"curies":[{"name":"wp","href":"https:\/\/api.w.org\/{rel}","templated":true}]}}